{"id":468542,"date":"2025-10-16T23:02:10","date_gmt":"2025-10-16T23:02:10","guid":{"rendered":"https:\/\/www.europesays.com\/fr\/468542\/"},"modified":"2025-10-16T23:02:10","modified_gmt":"2025-10-16T23:02:10","slug":"nice-interruption-du-trafic-sur-la-ligne-1-du-tramway-ce-jeudi-apres-midi-voici-pourquoi","status":"publish","type":"post","link":"https:\/\/www.europesays.com\/fr\/468542\/","title":{"rendered":"Nice. Interruption du trafic sur la ligne 1 du tramway ce jeudi apr\u00e8s-midi, voici pourquoi"},"content":{"rendered":"<p>            Par<br \/>\n        <strong><br \/>\n            <a href=\"https:\/\/actu.fr\/auteur\/arthur-frand\" title=\"Consulter tous les articles de Arthur Frand\" rel=\"nofollow noopener\" target=\"_blank\">Arthur Frand<\/a><br \/>\n        <\/strong><\/p>\n<p>        Publi\u00e9 le<\/p>\n<p>            16 oct. 2025 \u00e0 15h55        <\/p>\n<p>Avenue Jean-M\u00e9decin, les usagers attendent sur les quais. Mais ils doivent patienter ce jeudi apr\u00e8s-midi. En effet, la circulation des trams est interrompue momentan\u00e9ment\u00a0\u00e0 <a href=\"https:\/\/actu.fr\/nice\/\" rel=\"nofollow noopener\" target=\"_blank\">Nice<\/a> (<a href=\"https:\/\/actu.fr\/nice\/\" rel=\"nofollow noopener\" target=\"_blank\">Alpes-Maritimes<\/a>) sur la ligne 1 entre H\u00f4pital Pasteur et Henri Sappia.<\/p>\n<p>Une chute \u00e0 bord<\/p>\n<p class=\" wall-content\">La raison ? Une chute \u00e0 bord, a mentionn\u00e9 le r\u00e9seau Lignes d\u2019Azur sur son site internet \u00e0 15h\u200920.<\/p>\n<p class=\" wall-content\">En revanche, le r\u00e9seau n\u2019a pas pr\u00e9cis\u00e9 la dur\u00e9e cette interruption. Mais le trafic devrait pouvoir reprendre assez rapidement.<\/p>\n<p class=\" wall-content\">Personnalisez votre actualit\u00e9 en ajoutant vos villes et m\u00e9dias en favori avec <a href=\"https:\/\/moncompte.actu.fr\" title=\"D\u00e9couvez Mon Actu\" rel=\"nofollow noopener\" data-trk=\"{&quot;cta&quot;:{&quot;action&quot;:&quot;https:\\\/\\\/moncompte.actu.fr&quot;,&quot;category&quot;:&quot;mon compte&quot;,&quot;from&quot;:&quot;article footer&quot;,&quot;name&quot;:&quot;Mon actu&quot;,&quot;type&quot;:&quot;cta&quot;}}\" target=\"_blank\">Mon Actu<\/a>.<\/p>\n","protected":false},"excerpt":{"rendered":"Par Arthur Frand Publi\u00e9 le 16 oct. 2025 \u00e0 15h55 Avenue Jean-M\u00e9decin, les usagers attendent sur les quais.&hellip;\n","protected":false},"author":2,"featured_media":468543,"comment_status":"","ping_status":"","sticky":false,"template":"","format":"standard","meta":{"footnotes":""},"categories":[2819],"tags":[1111,11,1777,674,1011,27,14554,12,2401,882,25,104,2803],"class_list":{"0":"post-468542","1":"post","2":"type-post","3":"status-publish","4":"format-standard","5":"has-post-thumbnail","7":"category-nice","8":"tag-actu","9":"tag-actualites","10":"tag-eu","11":"tag-europe","12":"tag-fr","13":"tag-france","14":"tag-lignes-dazur","15":"tag-news","16":"tag-nice","17":"tag-provence-alpes-cote-dazur","18":"tag-republique-francaise","19":"tag-societe","20":"tag-transport"},"share_on_mastodon":{"url":"https:\/\/pubeurope.com\/@fr\/115386341418229264","error":""},"_links":{"self":[{"href":"https:\/\/www.europesays.com\/fr\/wp-json\/wp\/v2\/posts\/468542","targetHints":{"allow":["GET"]}}],"collection":[{"href":"https:\/\/www.europesays.com\/fr\/wp-json\/wp\/v2\/posts"}],"about":[{"href":"https:\/\/www.europesays.com\/fr\/wp-json\/wp\/v2\/types\/post"}],"author":[{"embeddable":true,"href":"https:\/\/www.europesays.com\/fr\/wp-json\/wp\/v2\/users\/2"}],"replies":[{"embeddable":true,"href":"https:\/\/www.europesays.com\/fr\/wp-json\/wp\/v2\/comments?post=468542"}],"version-history":[{"count":0,"href":"https:\/\/www.europesays.com\/fr\/wp-json\/wp\/v2\/posts\/468542\/revisions"}],"wp:featuredmedia":[{"embeddable":true,"href":"https:\/\/www.europesays.com\/fr\/wp-json\/wp\/v2\/media\/468543"}],"wp:attachment":[{"href":"https:\/\/www.europesays.com\/fr\/wp-json\/wp\/v2\/media?parent=468542"}],"wp:term":[{"taxonomy":"category","embeddable":true,"href":"https:\/\/www.europesays.com\/fr\/wp-json\/wp\/v2\/categories?post=468542"},{"taxonomy":"post_tag","embeddable":true,"href":"https:\/\/www.europesays.com\/fr\/wp-json\/wp\/v2\/tags?post=468542"}],"curies":[{"name":"wp","href":"https:\/\/api.w.org\/{rel}","templated":true}]}}