{"id":468550,"date":"2025-10-16T23:06:20","date_gmt":"2025-10-16T23:06:20","guid":{"rendered":"https:\/\/www.europesays.com\/fr\/468550\/"},"modified":"2025-10-16T23:06:20","modified_gmt":"2025-10-16T23:06:20","slug":"lequipe-de-softball-mixte-fastpitch-des-indians-termine-2eme-du-tres-releve-tournoi-des-pantheres-roses-de-pessac","status":"publish","type":"post","link":"https:\/\/www.europesays.com\/fr\/468550\/","title":{"rendered":"L&rsquo;\u00e9quipe de Softball Mixte Fastpitch des Indians termine 2\u00e8me du tr\u00e8s relev\u00e9 Tournoi des Panth\u00e8res Roses de Pessac"},"content":{"rendered":"<p>    <img decoding=\"async\" src=\"https:\/\/www.europesays.com\/fr\/wp-content\/uploads\/2025\/10\/68f1156c9b9958.83480720.jpg\" style=\"width: 100%;\" class=\"img-responsive m-b-5 m-t-20\" \/><br \/>\n    <\/p>\n<p>                     16 octobre 2025 &#8211;             134 vues<\/p>\n<p class=\"x_MsoNormal\"><b data-olk-copy-source=\"MessageBody\">C\u2019\u00e9tait les Samedi 11 et dimanche 12 octobre:<\/b><\/p>\n<p class=\"x_MsoNormal\" aria-hidden=\"true\">\u00a0<\/p>\n<p class=\"x_MsoNormal\">L&rsquo;\u00e9quipe de Softball Mixte Fastpitch des Indians termine 2\u00e8me\u00a0du tr\u00e8s relev\u00e9 Tournoi des Panth\u00e8res Roses de Pessac. Tournoi dont les b\u00e9n\u00e9fices ont \u00e9t\u00e9 revers\u00e9 \u00e0 la recherche contre le cancer.<\/p>\n<p class=\"x_MsoNormal\">Les Indians ont rencontr\u00e9 les clubs d&rsquo;Eysines, de La Force, de Toulouse, de Jou\u00e9-les-Tours et de Pessac.<\/p>\n<p class=\"x_MsoNormal\">L&rsquo;\u00e9quipe Bon-Encontraise , tenante du titre 2024, s&rsquo;est inclin\u00e9e en finale face \u00e0 La Force et signe une fiche de 3 victoires et 3 d\u00e9faites en 6 rencontres.<\/p>\n<p class=\"x_MsoNormal\">L\u2019\u00e9quipe\u00a0: Am.M\u00e9treau, An.M\u00e9treau, C.Venton, M.Garcia, A.Just, J-Ph.Goulesque, N.Guyot, M.Goulesque, D.Berger, Ch.Cayrac, D.Goulesque, A.J\u00e9gou et D.Goul.<\/p>\n<p class=\"x_MsoNormal\" aria-hidden=\"true\">\u00a0<\/p>\n<p class=\"x_MsoNormal\">Plus d\u2019infos et de photos sur\u00a0:\u00a0<a data-auth=\"NotApplicable\" href=\"http:\/\/www.indians-bbe.com\/\" data-linkindex=\"0\" title=\"http:\/\/www.indians-bbe.com\" target=\"_blank\" rel=\"noopener\">www.indians-bbe.com<\/a><\/p>\n<p class=\"x_MsoNormal\" aria-hidden=\"true\">\u00a0<\/p>\n<p class=\"x_MsoNormal\">Ce week-end, l\u2019\u00e9quipe de Softball Mixte d\u00e9marre l\u2019Open de Nouvelle Aquitaine avec un d\u00e9placement \u00e0 Anglet.<\/p>\n","protected":false},"excerpt":{"rendered":"16 octobre 2025 &#8211; 134 vues C\u2019\u00e9tait les Samedi 11 et dimanche 12 octobre: \u00a0 L&rsquo;\u00e9quipe de Softball&hellip;\n","protected":false},"author":2,"featured_media":468551,"comment_status":"","ping_status":"","sticky":false,"template":"","format":"standard","meta":{"footnotes":""},"categories":[2817],"tags":[1111,11,1997,1777,674,1011,27,11328,8838,12,2219,25],"class_list":{"0":"post-468550","1":"post","2":"type-post","3":"status-publish","4":"format-standard","5":"has-post-thumbnail","7":"category-bordeaux","8":"tag-actu","9":"tag-actualites","10":"tag-bordeaux","11":"tag-eu","12":"tag-europe","13":"tag-fr","14":"tag-france","15":"tag-gers","16":"tag-lot-et-garonne","17":"tag-news","18":"tag-nouvelle-aquitaine","19":"tag-republique-francaise"},"share_on_mastodon":{"url":"https:\/\/pubeurope.com\/@fr\/115386357193843192","error":""},"_links":{"self":[{"href":"https:\/\/www.europesays.com\/fr\/wp-json\/wp\/v2\/posts\/468550","targetHints":{"allow":["GET"]}}],"collection":[{"href":"https:\/\/www.europesays.com\/fr\/wp-json\/wp\/v2\/posts"}],"about":[{"href":"https:\/\/www.europesays.com\/fr\/wp-json\/wp\/v2\/types\/post"}],"author":[{"embeddable":true,"href":"https:\/\/www.europesays.com\/fr\/wp-json\/wp\/v2\/users\/2"}],"replies":[{"embeddable":true,"href":"https:\/\/www.europesays.com\/fr\/wp-json\/wp\/v2\/comments?post=468550"}],"version-history":[{"count":0,"href":"https:\/\/www.europesays.com\/fr\/wp-json\/wp\/v2\/posts\/468550\/revisions"}],"wp:featuredmedia":[{"embeddable":true,"href":"https:\/\/www.europesays.com\/fr\/wp-json\/wp\/v2\/media\/468551"}],"wp:attachment":[{"href":"https:\/\/www.europesays.com\/fr\/wp-json\/wp\/v2\/media?parent=468550"}],"wp:term":[{"taxonomy":"category","embeddable":true,"href":"https:\/\/www.europesays.com\/fr\/wp-json\/wp\/v2\/categories?post=468550"},{"taxonomy":"post_tag","embeddable":true,"href":"https:\/\/www.europesays.com\/fr\/wp-json\/wp\/v2\/tags?post=468550"}],"curies":[{"name":"wp","href":"https:\/\/api.w.org\/{rel}","templated":true}]}}