{"id":468553,"date":"2025-10-16T23:08:13","date_gmt":"2025-10-16T23:08:13","guid":{"rendered":"https:\/\/www.europesays.com\/fr\/468553\/"},"modified":"2025-10-16T23:08:13","modified_gmt":"2025-10-16T23:08:13","slug":"son-pere-le-blesse-avec-un-couteau","status":"publish","type":"post","link":"https:\/\/www.europesays.com\/fr\/468553\/","title":{"rendered":"son p\u00e8re le blesse avec un couteau"},"content":{"rendered":"<p>            Par<br \/>\n        <strong><br \/>\n            <a href=\"https:\/\/actu.fr\/auteur\/david-saint-sernin\" title=\"Consulter tous les articles de David Saint-Sernin\" target=\"_blank\" rel=\"noopener\">David Saint-Sernin<\/a><br \/>\n        <\/strong><\/p>\n<p>        Publi\u00e9 le<\/p>\n<p>            16 oct. 2025 \u00e0 17h25        <\/p>\n<p>C\u2019est une dispute qui a tr\u00e8s mal tourn\u00e9 \u00e0 <a href=\"https:\/\/actu.fr\/occitanie\/tournefeuille_31557\" target=\"_blank\" rel=\"noopener\">Tournefeuille,<\/a> pr\u00e8s de Toulouse.<\/p>\n<p class=\" wall-content\">Mardi 14\u00a0octobre 2025, un enfant de 8\u00a0ans a \u00e9t\u00e9 <strong>bless\u00e9 par arme blanche<\/strong> et l\u2019auteur n\u2019est autre que son p\u00e8re\u2026 Un homme n\u00e9 en 1986 et qui, ce jeudi 16\u00a0octobre est toujours en fuite, indique le Parquet de Toulouse \u00e0 Actu Toulouse.<\/p>\n<p>Une violente dispute<\/p>\n<p class=\" wall-content\">Les faits se sont d\u00e9roul\u00e9s ce mardi vers 20h30, comme l\u2019a dans un premier temps racont\u00e9 <a href=\"https:\/\/www.ladepeche.fr\/2025\/10\/15\/info-la-depeche-un-enfant-de-8-ans-sinterpose-entre-ses-parents-son-pere-le-blesse-au-visage-a-larme-blanche-12992671.php\" target=\"_blank\" rel=\"noopener\">La D\u00e9p\u00eache du Midi, <\/a>puis l\u2019ont confirm\u00e9 la police et le parquet de Toulouse \u00e0 Actu Toulouse.<\/p>\n<p class=\" wall-content\">\u00ab\u2009Une dispute a \u00e9clat\u00e9 sur la voie publique entre un couple. La femme vivait juste \u00e0 c\u00f4t\u00e9 dans une r\u00e9sidence h\u00f4teli\u00e8re avec son fils de 8\u00a0ans. L\u2019homme reprochait visiblement \u00e0 sa compagne d\u2019\u00eatre infid\u00e8le. Il lui a d\u2019abord pris son t\u00e9l\u00e9phone. Puis, la dispute a d\u00e9g\u00e9n\u00e9r\u00e9 et il a utilis\u00e9 une arme blanche portant plusieurs coups \u00e0 l\u2019avant-bras de sa compagne\u2009\u00bb, a d\u00e9taill\u00e9 une source polici\u00e8re \u00e0 Actu Toulouse.<\/p>\n<p>L\u2019enfant s\u2019interpose, il est bless\u00e9 \u00e0 l\u2019arme blanche<\/p>\n<p class=\" wall-content\">C\u2019est alors que l\u2019enfant a tent\u00e9 de s\u2019interposer. Dans sa tentative, il a \u00e9t\u00e9 entaill\u00e9 par le couteau. \u00ab\u2009Une estafilade, pr\u00e9cise le parquet de Toulouse qui poursuit. Son pronostic vital n\u2019\u00e9tait pas engag\u00e9 quand il a \u00e9t\u00e9 transport\u00e9 aux urgences.\u00a0Sur la base des t\u00e9moignages recueillis, le geste ne para\u00eet pas intentionnel. Nous avons donc retenu la qualification de violences avec arme. L\u2019homme est en fuite\u2009\u00bb.<\/p>\n<p class=\" wall-content\">La m\u00e8re de famille, elle aussi n\u00e9e en 1986, a \u00e9t\u00e9 bless\u00e9e, et \u00e9t\u00e9 amen\u00e9e aux urgences comme son fils.<\/p>\n<p class=\" wall-content\">Personnalisez votre actualit\u00e9 en ajoutant vos villes et m\u00e9dias en favori avec <a href=\"https:\/\/moncompte.actu.fr\" title=\"D\u00e9couvez Mon Actu\" rel=\"nofollow noopener\" data-trk=\"{&quot;cta&quot;:{&quot;action&quot;:&quot;https:\\\/\\\/moncompte.actu.fr&quot;,&quot;category&quot;:&quot;mon compte&quot;,&quot;from&quot;:&quot;article footer&quot;,&quot;name&quot;:&quot;Mon actu&quot;,&quot;type&quot;:&quot;cta&quot;}}\" target=\"_blank\">Mon Actu<\/a>.<\/p>\n","protected":false},"excerpt":{"rendered":"Par David Saint-Sernin Publi\u00e9 le 16 oct. 2025 \u00e0 17h25 C\u2019est une dispute qui a tr\u00e8s mal tourn\u00e9&hellip;\n","protected":false},"author":2,"featured_media":468554,"comment_status":"","ping_status":"","sticky":false,"template":"","format":"standard","meta":{"footnotes":""},"categories":[2816],"tags":[1111,11,1777,674,118,1011,27,12,2680,1072,25,2312],"class_list":{"0":"post-468553","1":"post","2":"type-post","3":"status-publish","4":"format-standard","5":"has-post-thumbnail","7":"category-toulouse","8":"tag-actu","9":"tag-actualites","10":"tag-eu","11":"tag-europe","12":"tag-faits-divers","13":"tag-fr","14":"tag-france","15":"tag-news","16":"tag-occitanie","17":"tag-police","18":"tag-republique-francaise","19":"tag-toulouse"},"share_on_mastodon":{"url":"https:\/\/pubeurope.com\/@fr\/115386365030618002","error":""},"_links":{"self":[{"href":"https:\/\/www.europesays.com\/fr\/wp-json\/wp\/v2\/posts\/468553","targetHints":{"allow":["GET"]}}],"collection":[{"href":"https:\/\/www.europesays.com\/fr\/wp-json\/wp\/v2\/posts"}],"about":[{"href":"https:\/\/www.europesays.com\/fr\/wp-json\/wp\/v2\/types\/post"}],"author":[{"embeddable":true,"href":"https:\/\/www.europesays.com\/fr\/wp-json\/wp\/v2\/users\/2"}],"replies":[{"embeddable":true,"href":"https:\/\/www.europesays.com\/fr\/wp-json\/wp\/v2\/comments?post=468553"}],"version-history":[{"count":0,"href":"https:\/\/www.europesays.com\/fr\/wp-json\/wp\/v2\/posts\/468553\/revisions"}],"wp:featuredmedia":[{"embeddable":true,"href":"https:\/\/www.europesays.com\/fr\/wp-json\/wp\/v2\/media\/468554"}],"wp:attachment":[{"href":"https:\/\/www.europesays.com\/fr\/wp-json\/wp\/v2\/media?parent=468553"}],"wp:term":[{"taxonomy":"category","embeddable":true,"href":"https:\/\/www.europesays.com\/fr\/wp-json\/wp\/v2\/categories?post=468553"},{"taxonomy":"post_tag","embeddable":true,"href":"https:\/\/www.europesays.com\/fr\/wp-json\/wp\/v2\/tags?post=468553"}],"curies":[{"name":"wp","href":"https:\/\/api.w.org\/{rel}","templated":true}]}}