{"id":468559,"date":"2025-10-16T23:11:12","date_gmt":"2025-10-16T23:11:12","guid":{"rendered":"https:\/\/www.europesays.com\/fr\/468559\/"},"modified":"2025-10-16T23:11:12","modified_gmt":"2025-10-16T23:11:12","slug":"loto-intergenerationnel-evenements-ville-de-lille-adresses-horaires-calendriers-et-histoire","status":"publish","type":"post","link":"https:\/\/www.europesays.com\/fr\/468559\/","title":{"rendered":"Loto interg\u00e9n\u00e9rationnel \/ \u00c9v\u00e9nements &#8211; Ville de Lille : adresses, horaires, calendriers et histoire"},"content":{"rendered":"<p>\n                                                                        Le 17 octobre 2025<br \/>\n\t\t\t\t\t\t\t\t\t\t\tde 14h00 \u00e0 16h00\n\t\t\t\t\t                                        <\/p>\n<p class=\"subtitle\">\u00e0 <strong><br \/>\nMaison de quartier Godeleine Petit<\/strong><\/p>\n<p>La Maison de Quartier vous invite \u00e0 un grand loto interg\u00e9n\u00e9rationnel. Venez partager un moment convivial entre petits et grands, dans une ambiance chaleureuse et festive.<\/p>\n<p>            <img loading=\"lazy\" decoding=\"async\" src=\"\/var\/www\/storage\/images\/mediatheque\/mairie-de-lille\/images-openagenda\/loto-intergenerationnel2\/3862243-1-fre-FR\/Loto-intergenerationnel_news_image_top.jpg\" width=\"411\" height=\"582\" alt=\"Loto interg\u00e9n\u00e9rationnel\"\/><\/p>\n<p>La Maison de Quartier a le plaisir d\u2019organiser un grand loto interg\u00e9n\u00e9rationnel le jeudi 17 octobre, de 14h \u00e0 16h. Cet \u00e9v\u00e9nement est ouvert \u00e0 tous, petits et grands, et a pour objectif de r\u00e9unir les g\u00e9n\u00e9rations autour d\u2019un moment de partage, de rires et de complicit\u00e9. Que vous veniez en famille, entre amis ou en solo, vous \u00eates les bienvenus pour tenter votre chance et profiter de l\u2019ambiance chaleureuse et conviviale qui r\u00e9gnera tout au long de l\u2019apr\u00e8s-midi. De nombreux lots seront \u00e0 gagner, pour le plaisir des enfants comme des adultes.<\/p>\n<p>        \t\t                                    Infos pratiques<\/p>\n<p>                    Lieu<\/p>\n<p>\nMaison de quartier Godeleine Petit<\/p>\n<p>                    Adresse<\/p>\n<p>24 Rue des Archives Lille<\/p>\n<p>                                                            Voir le plan<\/p>\n<p>                        Contact<\/p>\n<p>contact@mqvieuxlille.fr<\/p>\n<p>            Acc\u00e8s<\/p>\n<p>M\u00e9tro ligne 1 Gare Lille Flandre ou Rihour \/ V&rsquo;lille Halle aux Sucres<\/p>\n<p>\n                    PublicsDe 0 \u00e0 99 ans<\/p>\n<p>                            Horaires<\/p>\n<p class=\"textAlone\">Le 17\/10\/2025 de 14:00 \u00e0 16:00<\/p>\n<p>                        Tarifs<\/p>\n<p>Gratuit sur inscription.<\/p>\n","protected":false},"excerpt":{"rendered":"Le 17 octobre 2025 de 14h00 \u00e0 16h00 \u00e0 Maison de quartier Godeleine Petit La Maison de Quartier&hellip;\n","protected":false},"author":2,"featured_media":468560,"comment_status":"","ping_status":"","sticky":false,"template":"","format":"standard","meta":{"footnotes":""},"categories":[2815],"tags":[1111,11,4763,1777,674,1011,27,811,1307,5415,12,25],"class_list":{"0":"post-468559","1":"post","2":"type-post","3":"status-publish","4":"format-standard","5":"has-post-thumbnail","7":"category-lille","8":"tag-actu","9":"tag-actualites","10":"tag-agenda","11":"tag-eu","12":"tag-europe","13":"tag-fr","14":"tag-france","15":"tag-hauts-de-france","16":"tag-lille","17":"tag-mairie","18":"tag-news","19":"tag-republique-francaise"},"share_on_mastodon":{"url":"https:\/\/pubeurope.com\/@fr\/115386376830508098","error":""},"_links":{"self":[{"href":"https:\/\/www.europesays.com\/fr\/wp-json\/wp\/v2\/posts\/468559","targetHints":{"allow":["GET"]}}],"collection":[{"href":"https:\/\/www.europesays.com\/fr\/wp-json\/wp\/v2\/posts"}],"about":[{"href":"https:\/\/www.europesays.com\/fr\/wp-json\/wp\/v2\/types\/post"}],"author":[{"embeddable":true,"href":"https:\/\/www.europesays.com\/fr\/wp-json\/wp\/v2\/users\/2"}],"replies":[{"embeddable":true,"href":"https:\/\/www.europesays.com\/fr\/wp-json\/wp\/v2\/comments?post=468559"}],"version-history":[{"count":0,"href":"https:\/\/www.europesays.com\/fr\/wp-json\/wp\/v2\/posts\/468559\/revisions"}],"wp:featuredmedia":[{"embeddable":true,"href":"https:\/\/www.europesays.com\/fr\/wp-json\/wp\/v2\/media\/468560"}],"wp:attachment":[{"href":"https:\/\/www.europesays.com\/fr\/wp-json\/wp\/v2\/media?parent=468559"}],"wp:term":[{"taxonomy":"category","embeddable":true,"href":"https:\/\/www.europesays.com\/fr\/wp-json\/wp\/v2\/categories?post=468559"},{"taxonomy":"post_tag","embeddable":true,"href":"https:\/\/www.europesays.com\/fr\/wp-json\/wp\/v2\/tags?post=468559"}],"curies":[{"name":"wp","href":"https:\/\/api.w.org\/{rel}","templated":true}]}}