{"id":468561,"date":"2025-10-16T23:12:18","date_gmt":"2025-10-16T23:12:18","guid":{"rendered":"https:\/\/www.europesays.com\/fr\/468561\/"},"modified":"2025-10-16T23:12:18","modified_gmt":"2025-10-16T23:12:18","slug":"lap-hm-vend-aux-encheres-un-immeuble-de-bureaux-a-marseille-avec-agorastore","status":"publish","type":"post","link":"https:\/\/www.europesays.com\/fr\/468561\/","title":{"rendered":"L\u2019AP-HM vend aux ench\u00e8res un immeuble de bureaux \u00e0 Marseille avec Agorastore"},"content":{"rendered":"<p>                    <img loading=\"lazy\" decoding=\"async\" src=\"https:\/\/www.europesays.com\/fr\/wp-content\/uploads\/2025\/10\/7cb96b8f9eee48b6d3a79798ad0388.png\" class=\"img-responsive post-image\" width=\"680\" height=\"510\" alt=\"L'AP-HM vend aux ench\u00e8res\" title=\"L'AP-HM vend aux ench\u00e8res un immeuble de bureaux \u00e0 Marseille avec Agorastore\"\/><\/p>\n<p class=\"chapo\">Dans le cadre de sa politique de valorisation patrimoniale, l\u2019AP-HM met en vente un immeuble de bureaux de 769 m\u00b2. Cette cession est r\u00e9alis\u00e9e avec Agorastore, leader fran\u00e7ais des ench\u00e8res en ligne de biens publics.<\/p>\n<p>                    Un immeuble \u00e0 fort potentiel au coeur de Marseille<\/p>\n<p>Situ\u00e9 au coeur du centre-ville de Marseille, cet immeuble traversant de 769 m\u00b2 b\u00e9n\u00e9ficie d\u2019un emplacement privil\u00e9gi\u00e9 \u00e0 proximit\u00e9 du Vieux-Port et de Notre-Dame de la Garde. \u00c0 usage de bureaux, ce b\u00e2timent s\u2019\u00e9l\u00e8ve sur cinq niveaux et se distingue par son fort potentiel de transformation, notamment dans le cadre d\u2019un changement de destination. Libre de toute occupation, il constitue une opportunit\u00e9 rare pour les investisseurs souhaitant valoriser un bien \u00e0 caract\u00e8re patrimonial.<\/p>\n<p>Les <a href=\"https:\/\/www.agorastore.fr\/venteoccasion\/immobilier\/immeuble\/immeuble-de-bureaux-769-m-marseille-13-393467.aspx\" class=\"spip_out\" rel=\"external noopener\" target=\"_blank\">ench\u00e8res se d\u00e9rouleront du 02 au 04 d\u00e9cembre 2025<\/a> avec une mise \u00e0 prix de 434 000 \u20ac TTC.<br class=\"autobr\"\/><br \/>\nUne d\u00e9marche de gestion responsable<\/p>\n<p>Agorastore accompagne depuis plusieurs ann\u00e9es les collectivit\u00e9s et organismes publics dans la cession de leurs biens immobiliers. Gr\u00e2ce aux ench\u00e8res en ligne, les vendeurs valorisent leur patrimoine de fa\u00e7on transparente et efficiente, tout en contribuant \u00e0 l\u2019optimisation de l\u2019usage des<br class=\"autobr\"\/><br \/>\nressources publiques.<br class=\"autobr\"\/><br \/>\n<strong>La m\u00e9thode de vente par courtage aux ench\u00e8res permet de mettre les acqu\u00e9reurs en concurrence via un syst\u00e8me d\u2019ench\u00e8res transparent.<\/strong> Les vendeurs conservent la libert\u00e9 de choisir l\u2019offre de son choix, et non n\u00e9cessairement la plus \u00e9lev\u00e9e. La plateforme facilite les transactions immobili\u00e8res tout en valorisant le patrimoine public de mani\u00e8re transparente et efficace, au service d\u2019une gestion responsable des ressources.<\/p>\n<p>Agorastore, partenaire des collectivit\u00e9s et entit\u00e9s publiques<\/p>\n<p>\u00c0 travers leurs cessions immobili\u00e8res, plus de 400 collectivit\u00e9s et entit\u00e9s publiques affirment<br class=\"autobr\"\/><br \/>\nleur engagement pour une gestion vertueuse et efficiente de leur patrimoine. Ces partenariats<br class=\"autobr\"\/><br \/>\navec Agorastore incarnent des cessions \u00e9thiques, port\u00e9es par une volont\u00e9 partag\u00e9e\u00a0: optimiser<br class=\"autobr\"\/><br \/>\nl\u2019usage du foncier public, tout en contribuant \u00e0 des projets locaux \u00e0 fort impact.<br class=\"autobr\"\/><br \/>\nLeader du march\u00e9 des ench\u00e8res de biens immobiliers publics en ligne, Agorastore se distingue<br class=\"autobr\"\/><br \/>\npar sa collaboration avec plus de 400 vendeurs et le succ\u00e8s de 200 transactions immobili\u00e8res<br class=\"autobr\"\/><br \/>\nen 2024. De nombreuses collectivit\u00e9s territoriales et entit\u00e9s publiques font confiance \u00e0<br class=\"autobr\"\/><br \/>\nAgorastore pour g\u00e9rer efficacement chaque \u00e9tape de leurs cessions, contribuant \u00e0 la<br class=\"autobr\"\/><br \/>\nrevalorisation de leurs biens.<br class=\"autobr\"\/><br \/>\nEngag\u00e9e dans la promotion de l\u2019\u00e9conomie circulaire, Agorastore vise \u00e0 r\u00e9duire l\u2019empreinte<br class=\"autobr\"\/><br \/>\n\u00e9cologique et \u00e0 encourager une gestion des ressources durable gr\u00e2ce \u00e0 ses services.<\/p>\n<p>Visuel de une \u00a9L\u2019Assistance Publique &#8211; H\u00f4pitaux Universitaires de Marseille (AP-HM)<\/p>\n","protected":false},"excerpt":{"rendered":"Dans le cadre de sa politique de valorisation patrimoniale, l\u2019AP-HM met en vente un immeuble de bureaux de&hellip;\n","protected":false},"author":2,"featured_media":468562,"comment_status":"","ping_status":"","sticky":false,"template":"","format":"standard","meta":{"footnotes":""},"categories":[2814],"tags":[1111,11,2408,1777,674,1011,27,884,12,882,25],"class_list":{"0":"post-468561","1":"post","2":"type-post","3":"status-publish","4":"format-standard","5":"has-post-thumbnail","7":"category-marseille","8":"tag-actu","9":"tag-actualites","10":"tag-appels-d","11":"tag-eu","12":"tag-europe","13":"tag-fr","14":"tag-france","15":"tag-marseille","16":"tag-news","17":"tag-provence-alpes-cote-dazur","18":"tag-republique-francaise"},"share_on_mastodon":{"url":"https:\/\/pubeurope.com\/@fr\/115386380800296142","error":""},"_links":{"self":[{"href":"https:\/\/www.europesays.com\/fr\/wp-json\/wp\/v2\/posts\/468561","targetHints":{"allow":["GET"]}}],"collection":[{"href":"https:\/\/www.europesays.com\/fr\/wp-json\/wp\/v2\/posts"}],"about":[{"href":"https:\/\/www.europesays.com\/fr\/wp-json\/wp\/v2\/types\/post"}],"author":[{"embeddable":true,"href":"https:\/\/www.europesays.com\/fr\/wp-json\/wp\/v2\/users\/2"}],"replies":[{"embeddable":true,"href":"https:\/\/www.europesays.com\/fr\/wp-json\/wp\/v2\/comments?post=468561"}],"version-history":[{"count":0,"href":"https:\/\/www.europesays.com\/fr\/wp-json\/wp\/v2\/posts\/468561\/revisions"}],"wp:featuredmedia":[{"embeddable":true,"href":"https:\/\/www.europesays.com\/fr\/wp-json\/wp\/v2\/media\/468562"}],"wp:attachment":[{"href":"https:\/\/www.europesays.com\/fr\/wp-json\/wp\/v2\/media?parent=468561"}],"wp:term":[{"taxonomy":"category","embeddable":true,"href":"https:\/\/www.europesays.com\/fr\/wp-json\/wp\/v2\/categories?post=468561"},{"taxonomy":"post_tag","embeddable":true,"href":"https:\/\/www.europesays.com\/fr\/wp-json\/wp\/v2\/tags?post=468561"}],"curies":[{"name":"wp","href":"https:\/\/api.w.org\/{rel}","templated":true}]}}