{"id":468563,"date":"2025-10-16T23:13:12","date_gmt":"2025-10-16T23:13:12","guid":{"rendered":"https:\/\/www.europesays.com\/fr\/468563\/"},"modified":"2025-10-16T23:13:12","modified_gmt":"2025-10-16T23:13:12","slug":"le-paquebot-celebrity-century-en-cale-seche-a-marseille","status":"publish","type":"post","link":"https:\/\/www.europesays.com\/fr\/468563\/","title":{"rendered":"Le paquebot Celebrity Century en cale s\u00e8che \u00e0 Marseille"},"content":{"rendered":"<p>Apr\u00e8s une inspection sous-marine men\u00e9e mercredi, le paquebot Celebrity Centrury est entr\u00e9 en cale s\u00e8che \u00e0 Marseille. Victime d&rsquo;un probl\u00e8me de gouvernail, le navire n\u00e9cessite une intervention technique. L&rsquo;avarie a \u00e9t\u00e9 constat\u00e9e le 14 octobre, alors que le Celebrity Century \u00e9tait au mouillage en rade de Villefranche-sur-Mer. Contraint d&rsquo;annuler sa croisi\u00e8re d\u00e9but\u00e9e la veille \u00e0 Barcelone, le paquebot a d\u00e9barqu\u00e9 ses passagers avant de gagner Marseille. Apr\u00e8s une investigation men\u00e9e par un plongeur, le passage au bassin a \u00e9t\u00e9 d\u00e9cid\u00e9. Le Celebrity Century a finalement pris la place du Seven Seas Voyager, qui \u00e9tait en cale s\u00e8che jusqu&rsquo;en fin de semaine pour une r\u00e9paration sur son syst\u00e8me de propulsion par pods. Les personnels des chantiers de r\u00e9paration de Marseille devaient travailler tout le week-end afin de remettre en \u00e9tat le bateau de Celebrity Cruises, dont la croisi\u00e8re de repositionnement vers les Etats-Unis devait partir ce lundi de Barcelone pour rejoindre Miami apr\u00e8s 14 jours de travers\u00e9e. Mais, hier soir, le syst\u00e8me AIS montrait que le navire \u00e9tait toujours au bassin. <br \/>Livr\u00e9 en 1995 par les chantiers allemands Meyer Werft, le Celebrity Century mesure 248 m\u00e8tres de long et affiche une jauge de 70.700 tonneaux. Comptant 875 cabines, il peut embarquer 1750 passagers.   <\/p>\n<p>Intervention d&rsquo;un plongeur mercredi (\u00a9 : PORT DE MARSEILLE &#8211; FOS)<\/p>\n","protected":false},"excerpt":{"rendered":"Apr\u00e8s une inspection sous-marine men\u00e9e mercredi, le paquebot Celebrity Centrury est entr\u00e9 en cale s\u00e8che \u00e0 Marseille. Victime&hellip;\n","protected":false},"author":2,"featured_media":468564,"comment_status":"","ping_status":"","sticky":false,"template":"","format":"standard","meta":{"footnotes":""},"categories":[2814],"tags":[1111,11,6130,6141,6131,6138,2380,6135,554,1777,6136,674,1011,27,6139,6134,3135,6128,567,6129,884,6127,12,6132,4838,882,6133,25,6140,6137],"class_list":{"0":"post-468563","1":"post","2":"type-post","3":"status-publish","4":"format-standard","5":"has-post-thumbnail","7":"category-marseille","8":"tag-actu","9":"tag-actualites","10":"tag-chantiers","11":"tag-commando","12":"tag-construction-navale","13":"tag-costa","14":"tag-croisiere","15":"tag-dcns","16":"tag-defense","17":"tag-eu","18":"tag-euronaval","19":"tag-europe","20":"tag-fr","21":"tag-france","22":"tag-fremm","23":"tag-interviews","24":"tag-littoral","25":"tag-marine","26":"tag-marine-nationale","27":"tag-maritime","28":"tag-marseille","29":"tag-mer","30":"tag-news","31":"tag-offshore","32":"tag-peche","33":"tag-provence-alpes-cote-dazur","34":"tag-reportages","35":"tag-republique-francaise","36":"tag-sncm","37":"tag-stx"},"share_on_mastodon":{"url":"https:\/\/pubeurope.com\/@fr\/115386384578947409","error":""},"_links":{"self":[{"href":"https:\/\/www.europesays.com\/fr\/wp-json\/wp\/v2\/posts\/468563","targetHints":{"allow":["GET"]}}],"collection":[{"href":"https:\/\/www.europesays.com\/fr\/wp-json\/wp\/v2\/posts"}],"about":[{"href":"https:\/\/www.europesays.com\/fr\/wp-json\/wp\/v2\/types\/post"}],"author":[{"embeddable":true,"href":"https:\/\/www.europesays.com\/fr\/wp-json\/wp\/v2\/users\/2"}],"replies":[{"embeddable":true,"href":"https:\/\/www.europesays.com\/fr\/wp-json\/wp\/v2\/comments?post=468563"}],"version-history":[{"count":0,"href":"https:\/\/www.europesays.com\/fr\/wp-json\/wp\/v2\/posts\/468563\/revisions"}],"wp:featuredmedia":[{"embeddable":true,"href":"https:\/\/www.europesays.com\/fr\/wp-json\/wp\/v2\/media\/468564"}],"wp:attachment":[{"href":"https:\/\/www.europesays.com\/fr\/wp-json\/wp\/v2\/media?parent=468563"}],"wp:term":[{"taxonomy":"category","embeddable":true,"href":"https:\/\/www.europesays.com\/fr\/wp-json\/wp\/v2\/categories?post=468563"},{"taxonomy":"post_tag","embeddable":true,"href":"https:\/\/www.europesays.com\/fr\/wp-json\/wp\/v2\/tags?post=468563"}],"curies":[{"name":"wp","href":"https:\/\/api.w.org\/{rel}","templated":true}]}}