{"id":46857,"date":"2025-04-23T15:12:14","date_gmt":"2025-04-23T15:12:14","guid":{"rendered":"https:\/\/www.europesays.com\/fr\/46857\/"},"modified":"2025-04-23T15:12:14","modified_gmt":"2025-04-23T15:12:14","slug":"grenoble-camille-giry-dans-moyenne","status":"publish","type":"post","link":"https:\/\/www.europesays.com\/fr\/46857\/","title":{"rendered":"Grenoble. Camille Giry dans Moyenne"},"content":{"rendered":"<p>Camille Giry se lance en solo, dans un one woman show qui compte bien vous donner envie de d\u00e9gommer le patriarcat, entre deux \u00e9clats de rire. Un jour, \u00eatre f\u00e9ministe ce sera la norme. En attendant, on fait des spectacles. Sa description, c\u2019est un ni oui ni non. Elle est belle Camille\u00a0? Elle n\u2019est pas moche. Elle est intelligente\u00a0? Relativement. Elle est grande\u00a0? Dans la moyenne. Elle est grosse\u00a0? Pas vraiment. Elle est maigre\u00a0? Quand m\u00eame pas. Elle est normale quoi\u00a0? Oui. Perdu. C\u2019est un spectacle qui parle de \u00e7a. \u00c0 moins que\u2026<\/p>\n<p class=\"note\">Du jeudi\u00a01er au samedi 3\u00a0mai \u00e0 20\u00a0h\u00a030 \u00e0 La Basse-Cour \u00e0 Grenoble. De 12 \u00e0\u00a018\u00a0\u20ac.<\/p>\n","protected":false},"excerpt":{"rendered":"Camille Giry se lance en solo, dans un one woman show qui compte bien vous donner envie de&hellip;\n","protected":false},"author":2,"featured_media":46858,"comment_status":"","ping_status":"","sticky":false,"template":"","format":"standard","meta":{"footnotes":""},"categories":[9566],"tags":[1111,11,2430,1687,112,1777,674,1011,27,2731,2732,108,12,25,3140],"class_list":{"0":"post-46857","1":"post","2":"type-post","3":"status-publish","4":"format-standard","5":"has-post-thumbnail","7":"category-grenoble","8":"tag-actu","9":"tag-actualites","10":"tag-auvergne-rhone-alpes","11":"tag-culture-loisirs","12":"tag-edition-grenoble-agglomeration","13":"tag-eu","14":"tag-europe","15":"tag-fr","16":"tag-france","17":"tag-grenoble","18":"tag-grenoble-bassin","19":"tag-isere","20":"tag-news","21":"tag-republique-francaise","22":"tag-spectacle"},"share_on_mastodon":{"url":"https:\/\/pubeurope.com\/@fr\/114387926632255767","error":""},"_links":{"self":[{"href":"https:\/\/www.europesays.com\/fr\/wp-json\/wp\/v2\/posts\/46857","targetHints":{"allow":["GET"]}}],"collection":[{"href":"https:\/\/www.europesays.com\/fr\/wp-json\/wp\/v2\/posts"}],"about":[{"href":"https:\/\/www.europesays.com\/fr\/wp-json\/wp\/v2\/types\/post"}],"author":[{"embeddable":true,"href":"https:\/\/www.europesays.com\/fr\/wp-json\/wp\/v2\/users\/2"}],"replies":[{"embeddable":true,"href":"https:\/\/www.europesays.com\/fr\/wp-json\/wp\/v2\/comments?post=46857"}],"version-history":[{"count":0,"href":"https:\/\/www.europesays.com\/fr\/wp-json\/wp\/v2\/posts\/46857\/revisions"}],"wp:featuredmedia":[{"embeddable":true,"href":"https:\/\/www.europesays.com\/fr\/wp-json\/wp\/v2\/media\/46858"}],"wp:attachment":[{"href":"https:\/\/www.europesays.com\/fr\/wp-json\/wp\/v2\/media?parent=46857"}],"wp:term":[{"taxonomy":"category","embeddable":true,"href":"https:\/\/www.europesays.com\/fr\/wp-json\/wp\/v2\/categories?post=46857"},{"taxonomy":"post_tag","embeddable":true,"href":"https:\/\/www.europesays.com\/fr\/wp-json\/wp\/v2\/tags?post=46857"}],"curies":[{"name":"wp","href":"https:\/\/api.w.org\/{rel}","templated":true}]}}