{"id":468571,"date":"2025-10-16T23:20:29","date_gmt":"2025-10-16T23:20:29","guid":{"rendered":"https:\/\/www.europesays.com\/fr\/468571\/"},"modified":"2025-10-16T23:20:29","modified_gmt":"2025-10-16T23:20:29","slug":"13-million-de-personnes-en-situation-de-mal-logement-en-ile-de-france","status":"publish","type":"post","link":"https:\/\/www.europesays.com\/fr\/468571\/","title":{"rendered":"1,3 million de personnes en situation de mal-logement en Ile-de-France"},"content":{"rendered":"<p>En Ile-de-France, r\u00e9gion la plus peupl\u00e9e du pays avec 12,3 millions d\u2019habitants (19 % de la population nationale), la crise du logement reste profond\u00e9ment ancr\u00e9e. La r\u00e9gion a beau \u00eatre la plus riche de France, 1,3 million de personnes y seraient victimes du mal-logement et pr\u00e8s de 3 millions \u00ab en grande fragilit\u00e9 \u00bb vis-\u00e0-vis du logement, selon<a href=\"https:\/\/www.fondationpourlelogement.fr\/1-3-million-de-personnes-victimes-du-mal-logement-en-ile-de-france\/\" target=\"_blank\" rel=\"noopener\"> la Fondation pour le logement des d\u00e9favoris\u00e9s (ex-Fondation Abb\u00e9 Pierre) qui a d\u00e9voil\u00e9, lundi, des chiffres<\/a> \u00ab plus qu\u2019alarmants \u00bb sur ce ph\u00e9nom\u00e8ne.<\/p>\n<p>L\u2019Ile-de-France compterait ainsi 125 600 personnes sans domicile personnel (au sens de l\u2019Insee), parmi lesquelles plus de 4 000 sans-abri \u00e0 Paris et en proche couronne, selon le recensement (non-exhaustif) des Nuits de la solidarit\u00e9. Il faut dire que dans le parc priv\u00e9, les loyers ont augment\u00e9 deux fois plus vite que les revenus m\u00e9dians. \u00ab La part du loyer atteint pr\u00e8s de 35% des ressources des m\u00e9nages les plus modestes \u00bb, indique la Fondation pour le logement des d\u00e9favoris\u00e9s.<\/p>\n<p>Et dans le parc social, l\u2019offre de logements est toujours loin de r\u00e9pondre \u00e0 la demande comme en t\u00e9moignent les longues listes d\u2019attente. Plus de 888 000 m\u00e9nages y seraient inscrits (un tiers de la demande nationale). Et ces listes ne sont pas pr\u00e8s de se raccourcir au regard du foss\u00e9 qui s\u00e9pare le nombre de demandes et le nombre d\u2019attributions. L\u2019an pass\u00e9, 65 000 logements sociaux ont \u00e9t\u00e9 attribu\u00e9s laissant 93 % des demandeurs sans r\u00e9ponse. Parmi eux, 41 079 m\u00e9nages sans abri ou vivant dans des conditions tr\u00e8s pr\u00e9caires (squats, caravanes\u2026), soit 47 % de plus qu\u2019en 2019 ; et 207 392 m\u00e9nages h\u00e9berg\u00e9s par des tiers, un nombre l\u00e0 aussi en hausse de 30 % depuis 2019.<\/p>\n<p>Autre donn\u00e9e r\u00e9v\u00e9latrice : dans le parc de logements priv\u00e9 et social, 30% des locataires y seraient en suroccupation, \u00ab ph\u00e9nom\u00e8ne 2,2 fois sup\u00e9rieur \u00e0 la moyenne nationale \u00bb, compare la fondation. Dans le m\u00eame temps, le nombre de places d\u2019h\u00e9bergement pour les personnes sans domicile a beau avoir tripl\u00e9 depuis 2012 (116 261 places fin 2024), le dispositif est satur\u00e9.<\/p>\n<p>\u00ab Malgr\u00e9 les efforts en mati\u00e8re de construction de logements sociaux, de lutte contre l\u2019habitat indigne et d\u2019augmentation des places d\u2019h\u00e9bergement, la r\u00e9gion reste marqu\u00e9e par un syst\u00e8me encore trop fragment\u00e9, s\u00e9lectif et in\u00e9galitaire, estime \u00c9ric Constantin, le directeur r\u00e9gional de l\u2019agence Ile-de-France de la fondation. L\u2019acc\u00e8s \u00e0 un habitat d\u00e9cent et les parcours r\u00e9sidentiels demeurent entrav\u00e9s, notamment pour les publics les plus vuln\u00e9rables. Une situation aggrav\u00e9e par des dispositifs d\u2019h\u00e9bergement satur\u00e9s, un parc social \u00e0 bas co\u00fbt qui diminue et un parc locatif priv\u00e9 de plus en plus cher et tr\u00e8s \u00e9nergivore \u00bb quand il n\u2019est pas insalubre certains marchands de sommeil profitant de la tension sur le march\u00e9, en d\u00e9pit de la mise en place ou de l\u2019exp\u00e9rimentation de dispositifs comme le permis de louer ou <a href=\"https:\/\/www.echoidf.fr\/une-obligation-respectee\/\" target=\"_blank\" rel=\"noopener\">l\u2019encadrement des loyers<\/a>.<\/p>\n<p>La Fondation pour le Logement des d\u00e9favoris\u00e9s appelle ainsi les pouvoirs publics \u00e0 mener \u00ab une politique r\u00e9gionale de l\u2019habitat plus ambitieuse, respectueuse des droits fondamentaux, et fond\u00e9e sur la solidarit\u00e9 et l\u2019inclusion \u00bb.<\/p>\n","protected":false},"excerpt":{"rendered":"En Ile-de-France, r\u00e9gion la plus peupl\u00e9e du pays avec 12,3 millions d\u2019habitants (19 % de la population nationale),&hellip;\n","protected":false},"author":2,"featured_media":468572,"comment_status":"","ping_status":"","sticky":false,"template":"","format":"standard","meta":{"footnotes":""},"categories":[1592],"tags":[1111,11,1777,674,59229,1011,27,662,1908,6459,22348,13248,22793,12,59230,626,25,15317,59231],"class_list":{"0":"post-468571","1":"post","2":"type-post","3":"status-publish","4":"format-standard","5":"has-post-thumbnail","7":"category-ile-de-france","8":"tag-actu","9":"tag-actualites","10":"tag-eu","11":"tag-europe","12":"tag-fondation-pour-le-logement-des-du00e9favorisu00e9s","13":"tag-fr","14":"tag-france","15":"tag-ile-de-france","16":"tag-logement","17":"tag-logements-sociaux","18":"tag-loyers","19":"tag-mal-logement","20":"tag-marchands-de-sommeil","21":"tag-news","22":"tag-parc-privu00e9","23":"tag-paris","24":"tag-republique-francaise","25":"tag-sans-abri","26":"tag-suroccupation"},"share_on_mastodon":{"url":"https:\/\/pubeurope.com\/@fr\/115386412082801550","error":""},"_links":{"self":[{"href":"https:\/\/www.europesays.com\/fr\/wp-json\/wp\/v2\/posts\/468571","targetHints":{"allow":["GET"]}}],"collection":[{"href":"https:\/\/www.europesays.com\/fr\/wp-json\/wp\/v2\/posts"}],"about":[{"href":"https:\/\/www.europesays.com\/fr\/wp-json\/wp\/v2\/types\/post"}],"author":[{"embeddable":true,"href":"https:\/\/www.europesays.com\/fr\/wp-json\/wp\/v2\/users\/2"}],"replies":[{"embeddable":true,"href":"https:\/\/www.europesays.com\/fr\/wp-json\/wp\/v2\/comments?post=468571"}],"version-history":[{"count":0,"href":"https:\/\/www.europesays.com\/fr\/wp-json\/wp\/v2\/posts\/468571\/revisions"}],"wp:featuredmedia":[{"embeddable":true,"href":"https:\/\/www.europesays.com\/fr\/wp-json\/wp\/v2\/media\/468572"}],"wp:attachment":[{"href":"https:\/\/www.europesays.com\/fr\/wp-json\/wp\/v2\/media?parent=468571"}],"wp:term":[{"taxonomy":"category","embeddable":true,"href":"https:\/\/www.europesays.com\/fr\/wp-json\/wp\/v2\/categories?post=468571"},{"taxonomy":"post_tag","embeddable":true,"href":"https:\/\/www.europesays.com\/fr\/wp-json\/wp\/v2\/tags?post=468571"}],"curies":[{"name":"wp","href":"https:\/\/api.w.org\/{rel}","templated":true}]}}