{"id":468581,"date":"2025-10-16T23:27:12","date_gmt":"2025-10-16T23:27:12","guid":{"rendered":"https:\/\/www.europesays.com\/fr\/468581\/"},"modified":"2025-10-16T23:27:12","modified_gmt":"2025-10-16T23:27:12","slug":"invasion-de-lukraine-la-hongrie-se-prepare-a-accueillir-la-rencontre-entre-donald-trump-et-vladimir-poutine","status":"publish","type":"post","link":"https:\/\/www.europesays.com\/fr\/468581\/","title":{"rendered":"Invasion de l?Ukraine &#8211; La Hongrie se pr\u00e9pare \u00e0 accueillir la rencontre entre Donald Trump et Vladimir Poutine"},"content":{"rendered":"<p class=\"ap-StoryElement ap-StoryElement--mb ap-StoryText\">Jusqu&rsquo;\u00e0 r\u00e9cemment, la Hongrie \u00e9tait membre de la Cour p\u00e9nale internationale (CPI), qui a \u00e9mis un mandat d&rsquo;arr\u00eat contre Vladimir Poutine pour d\u00e9portation ill\u00e9gale d&rsquo;enfants ukrainiens. Plus t\u00f4t cette ann\u00e9e, le pays s&rsquo;en est cependant retir\u00e9, et ce retrait sera effectif le 2 juin 2026.<\/p>\n<p class=\"ap-StoryElement ap-StoryElement--mb ap-StoryText\">Budapest n&rsquo;avait toutefois pas l&rsquo;intention d&rsquo;arr\u00eater Vladimir Poutine. En 2023, Orb\u00e1n avait d\u00e9j\u00e0 d\u00e9clar\u00e9 que le pr\u00e9sident russe pouvait se rendre en Hongrie en toute tranquillit\u00e9. Le Premier ministre isra\u00e9lien Benjamin Netanyahu, contre lequel un mandat d&rsquo;arr\u00eat a \u00e9galement \u00e9t\u00e9 \u00e9mis, n&rsquo;a pas non plus \u00e9t\u00e9 arr\u00eat\u00e9 lors d&rsquo;une visite en Hongrie.<\/p>\n","protected":false},"excerpt":{"rendered":"Jusqu&rsquo;\u00e0 r\u00e9cemment, la Hongrie \u00e9tait membre de la Cour p\u00e9nale internationale (CPI), qui a \u00e9mis un mandat d&rsquo;arr\u00eat&hellip;\n","protected":false},"author":2,"featured_media":25030,"comment_status":"","ping_status":"","sticky":false,"template":"","format":"standard","meta":{"footnotes":""},"categories":[1590],"tags":[11,312,73,1777,674,1146,804,12,35092,132,220],"class_list":{"0":"post-468581","1":"post","2":"type-post","3":"status-publish","4":"format-standard","5":"has-post-thumbnail","7":"category-ukraine","8":"tag-actualites","9":"tag-diplomatie","10":"tag-etats-unis","11":"tag-eu","12":"tag-europe","13":"tag-guerre","14":"tag-hongrie","15":"tag-news","16":"tag-personnalites","17":"tag-russie","18":"tag-ukraine"},"share_on_mastodon":{"url":"https:\/\/pubeurope.com\/@fr\/115386439648402713","error":""},"_links":{"self":[{"href":"https:\/\/www.europesays.com\/fr\/wp-json\/wp\/v2\/posts\/468581","targetHints":{"allow":["GET"]}}],"collection":[{"href":"https:\/\/www.europesays.com\/fr\/wp-json\/wp\/v2\/posts"}],"about":[{"href":"https:\/\/www.europesays.com\/fr\/wp-json\/wp\/v2\/types\/post"}],"author":[{"embeddable":true,"href":"https:\/\/www.europesays.com\/fr\/wp-json\/wp\/v2\/users\/2"}],"replies":[{"embeddable":true,"href":"https:\/\/www.europesays.com\/fr\/wp-json\/wp\/v2\/comments?post=468581"}],"version-history":[{"count":0,"href":"https:\/\/www.europesays.com\/fr\/wp-json\/wp\/v2\/posts\/468581\/revisions"}],"wp:featuredmedia":[{"embeddable":true,"href":"https:\/\/www.europesays.com\/fr\/wp-json\/wp\/v2\/media\/25030"}],"wp:attachment":[{"href":"https:\/\/www.europesays.com\/fr\/wp-json\/wp\/v2\/media?parent=468581"}],"wp:term":[{"taxonomy":"category","embeddable":true,"href":"https:\/\/www.europesays.com\/fr\/wp-json\/wp\/v2\/categories?post=468581"},{"taxonomy":"post_tag","embeddable":true,"href":"https:\/\/www.europesays.com\/fr\/wp-json\/wp\/v2\/tags?post=468581"}],"curies":[{"name":"wp","href":"https:\/\/api.w.org\/{rel}","templated":true}]}}