{"id":468584,"date":"2025-10-16T23:29:14","date_gmt":"2025-10-16T23:29:14","guid":{"rendered":"https:\/\/www.europesays.com\/fr\/468584\/"},"modified":"2025-10-16T23:29:14","modified_gmt":"2025-10-16T23:29:14","slug":"frustration-britannique-face-au-retard-francais-dans-la-lutte-contre-les-bateaux-taxis","status":"publish","type":"post","link":"https:\/\/www.europesays.com\/fr\/468584\/","title":{"rendered":"Frustration britannique face au retard fran\u00e7ais dans la lutte contre les \u00ab\u202fbateaux-taxis\u202f\u00bb"},"content":{"rendered":"<p>AA \/ Londres \/ Aysu Bicer<\/p>\n<p>Le chef des services frontaliers britanniques, Martin Hewitt, a exprim\u00e9 jeudi sa frustration face \u00e0 l\u2019incapacit\u00e9 des autorit\u00e9s fran\u00e7aises \u00e0 mettre en place des mesures pour intercepter et immobiliser les bateaux transportant des demandeurs d\u2019asile dans les eaux peu profondes.<\/p>\n<p>Devant la commission des affaires int\u00e9rieures de la Chambre des communes, Hewitt a indiqu\u00e9 que les changements fr\u00e9quents au sein du gouvernement fran\u00e7ais ont cr\u00e9\u00e9 un \u00ab contexte politique \u00bb ralentissant l\u2019introduction d\u2019une mesure jug\u00e9e cruciale pour lutter contre les \u00ab bateaux-taxis \u00bb utilis\u00e9s pour faire passer clandestinement des personnes vers le Royaume-Uni.<\/p>\n<p>Il faisait r\u00e9f\u00e9rence aux chutes r\u00e9p\u00e9t\u00e9es du gouvernement, aux impasses budg\u00e9taires et aux changements de Premier ministre en France.<\/p>\n<p>En juin, Paris s\u2019\u00e9tait engag\u00e9 \u00e0 modifier l\u2019interpr\u00e9tation du droit maritime pour permettre \u00e0 la police d\u2019intercepter pour la premi\u00e8re fois les bateaux de migrants \u00e0 moins de 300 m\u00e8tres de la c\u00f4te. Cette mesure avait \u00e9t\u00e9 qualifi\u00e9e de \u00ab tournant d\u00e9cisif \u00bb par les responsables fran\u00e7ais, alors que plus de 32 000 travers\u00e9es ont \u00e9t\u00e9 enregistr\u00e9es en 2025.<\/p>\n<p>Cependant, la police fran\u00e7aise a pr\u00e9cis\u00e9 qu\u2019elle n\u2019agirait pas sans garanties de protection, de formation et d\u2019\u00e9quipement ad\u00e9quates.<\/p>\n<p>Hewitt a d\u00e9clar\u00e9 qu\u2019il travaille en \u00e9troite collaboration avec le secr\u00e9taire g\u00e9n\u00e9ral fran\u00e7ais \u00e0 la mer, mais qu\u2019il continue de trouver le processus \u00ab frustrant \u00bb. \u00ab Je suis all\u00e9 le rencontrer \u00e0 Paris il y a trois semaines pour lui faire comprendre l\u2019importance de cette tactique maritime pour nous, compte tenu des bateaux-taxis \u00bb, a-t-il expliqu\u00e9.<\/p>\n<p>Il a ajout\u00e9 : \u00ab Le pr\u00e9sident Macron en a parl\u00e9 lors du sommet de juillet avec le Premier ministre britannique. Il est donc frustrant que cela ait pris autant de temps. Votre remarque sur l\u2019instabilit\u00e9 politique est pertinente, elle a clairement jou\u00e9 un r\u00f4le. \u00bb<\/p>\n<p>Le responsable britannique a \u00e9galement \u00e9voqu\u00e9 le bilan humain dans la Manche, qualifi\u00e9 \u00ab d\u2019effrayant \u00bb l\u2019hiver dernier, alors que des personnes d\u00e9sesp\u00e9r\u00e9es tentaient de rejoindre le Royaume-Uni \u00e0 bord de petits bateaux.<\/p>\n<p>Hewitt a soulign\u00e9 que la lutte contre les passeurs \u00ab allait forc\u00e9ment prendre du temps \u00bb, soulignant que cette criminalit\u00e9 organis\u00e9e se d\u00e9veloppe depuis environ six ans et devient de plus en plus sophistiqu\u00e9e.<\/p>\n<p>La Manche reste un point chaud de l\u2019immigration clandestine, avec des milliers de personnes tentant chaque ann\u00e9e la travers\u00e9e depuis la France.<\/p>\n<p>*Traduit de l\u2019anglais par Wafae El Baghouani<\/p>\n<p>                            &#13;<br \/>\n                                <a href=\"https:\/\/www.aa.com.tr\/fr\/p\/abonnement\/1001\" target=\"_blank\" style=\"font-size:12px; color:#444; text-decoration:none;\" rel=\"nofollow noopener\">&#13;<br \/>\n                                    Seulement une partie des d\u00e9p\u00eaches, que l&rsquo;Agence Anadolu diffuse \u00e0 ses abonn\u00e9s via le Syst\u00e8me de Diffusion interne (HAS), est diffus\u00e9e sur le site de l&rsquo;AA, de mani\u00e8re r\u00e9sum\u00e9e. <b style=\"color:#1897F7\">Contactez-nous s&rsquo;il vous pla\u00eet pour vous abonner.<\/b>&#13;<br \/>\n                                <\/a>&#13;<\/p>\n","protected":false},"excerpt":{"rendered":"AA \/ Londres \/ Aysu Bicer Le chef des services frontaliers britanniques, Martin Hewitt, a exprim\u00e9 jeudi sa&hellip;\n","protected":false},"author":2,"featured_media":468585,"comment_status":"","ping_status":"","sticky":false,"template":"","format":"standard","meta":{"footnotes":""},"categories":[1588],"tags":[11,1785,59232,1777,674,12,473,1853,1851,1850,1852],"class_list":{"0":"post-468584","1":"post","2":"type-post","3":"status-publish","4":"format-standard","5":"has-post-thumbnail","7":"category-royaume-uni","8":"tag-actualites","9":"tag-anadolu-ajansi","10":"tag-autorits-franaises","11":"tag-eu","12":"tag-europe","13":"tag-news","14":"tag-royaume-uni","15":"tag-royaume-uni-de-grande-bretagne-et-dirlande-du-nord","16":"tag-uk","17":"tag-united-kingdom","18":"tag-united-kingdom-of-great-britain-and-northern-ireland"},"share_on_mastodon":{"url":"https:\/\/pubeurope.com\/@fr\/115386447564389470","error":""},"_links":{"self":[{"href":"https:\/\/www.europesays.com\/fr\/wp-json\/wp\/v2\/posts\/468584","targetHints":{"allow":["GET"]}}],"collection":[{"href":"https:\/\/www.europesays.com\/fr\/wp-json\/wp\/v2\/posts"}],"about":[{"href":"https:\/\/www.europesays.com\/fr\/wp-json\/wp\/v2\/types\/post"}],"author":[{"embeddable":true,"href":"https:\/\/www.europesays.com\/fr\/wp-json\/wp\/v2\/users\/2"}],"replies":[{"embeddable":true,"href":"https:\/\/www.europesays.com\/fr\/wp-json\/wp\/v2\/comments?post=468584"}],"version-history":[{"count":0,"href":"https:\/\/www.europesays.com\/fr\/wp-json\/wp\/v2\/posts\/468584\/revisions"}],"wp:featuredmedia":[{"embeddable":true,"href":"https:\/\/www.europesays.com\/fr\/wp-json\/wp\/v2\/media\/468585"}],"wp:attachment":[{"href":"https:\/\/www.europesays.com\/fr\/wp-json\/wp\/v2\/media?parent=468584"}],"wp:term":[{"taxonomy":"category","embeddable":true,"href":"https:\/\/www.europesays.com\/fr\/wp-json\/wp\/v2\/categories?post=468584"},{"taxonomy":"post_tag","embeddable":true,"href":"https:\/\/www.europesays.com\/fr\/wp-json\/wp\/v2\/tags?post=468584"}],"curies":[{"name":"wp","href":"https:\/\/api.w.org\/{rel}","templated":true}]}}