{"id":46859,"date":"2025-04-23T15:13:09","date_gmt":"2025-04-23T15:13:09","guid":{"rendered":"https:\/\/www.europesays.com\/fr\/46859\/"},"modified":"2025-04-23T15:13:09","modified_gmt":"2025-04-23T15:13:09","slug":"grenoble-le-festival-illusion-revient-le-3-mai-pour-une-troisieme-edition","status":"publish","type":"post","link":"https:\/\/www.europesays.com\/fr\/46859\/","title":{"rendered":"Grenoble. Le Festival Illusion revient le 3 mai pour une troisi\u00e8me \u00e9dition"},"content":{"rendered":"<p>Un mage aux intentions obscures \u00e9tend son influence. Ma\u00eetre d\u2019un chaos soigneusement orchestr\u00e9, au travers de sa boule de cristal, il n\u2019observe pas\u00a0: il fa\u00e7onne, d\u00e9forme, recr\u00e9e. Chaque battement, chaque \u00e9clat de lumi\u00e8re est le reflet d\u2019une vision que seul lui contr\u00f4le. C\u2019est l\u2019illusion qui dicte la r\u00e9alit\u00e9. Pr\u00e9parez-vous \u00e0 perdre vos rep\u00e8res. Le Festival Illusion revient \u00e0 Grenoble pour une troisi\u00e8me \u00e9dition encore plus intense. Une nuit o\u00f9 des artistes d\u2019exceptions feront vibrer la ville avec des sets puissants et une sc\u00e9nographie immersive. Avec Holy Priest, Perceval, Sk\u00f6ne, Gonzi\u2026<\/p>\n<p class=\"note\">Samedi 3\u00a0mai de 20 heures \u00e0 4 heures au matin \u00e0 Alpexpo \u00e0 Grenoble. 35\u00a0\u20ac.<\/p>\n","protected":false},"excerpt":{"rendered":"Un mage aux intentions obscures \u00e9tend son influence. Ma\u00eetre d\u2019un chaos soigneusement orchestr\u00e9, au travers de sa boule&hellip;\n","protected":false},"author":2,"featured_media":46860,"comment_status":"","ping_status":"","sticky":false,"template":"","format":"standard","meta":{"footnotes":""},"categories":[9566],"tags":[1111,11,2430,1687,112,1777,674,1011,27,2731,2732,108,12,25,3140],"class_list":{"0":"post-46859","1":"post","2":"type-post","3":"status-publish","4":"format-standard","5":"has-post-thumbnail","7":"category-grenoble","8":"tag-actu","9":"tag-actualites","10":"tag-auvergne-rhone-alpes","11":"tag-culture-loisirs","12":"tag-edition-grenoble-agglomeration","13":"tag-eu","14":"tag-europe","15":"tag-fr","16":"tag-france","17":"tag-grenoble","18":"tag-grenoble-bassin","19":"tag-isere","20":"tag-news","21":"tag-republique-francaise","22":"tag-spectacle"},"share_on_mastodon":{"url":"https:\/\/pubeurope.com\/@fr\/114387930536398529","error":""},"_links":{"self":[{"href":"https:\/\/www.europesays.com\/fr\/wp-json\/wp\/v2\/posts\/46859","targetHints":{"allow":["GET"]}}],"collection":[{"href":"https:\/\/www.europesays.com\/fr\/wp-json\/wp\/v2\/posts"}],"about":[{"href":"https:\/\/www.europesays.com\/fr\/wp-json\/wp\/v2\/types\/post"}],"author":[{"embeddable":true,"href":"https:\/\/www.europesays.com\/fr\/wp-json\/wp\/v2\/users\/2"}],"replies":[{"embeddable":true,"href":"https:\/\/www.europesays.com\/fr\/wp-json\/wp\/v2\/comments?post=46859"}],"version-history":[{"count":0,"href":"https:\/\/www.europesays.com\/fr\/wp-json\/wp\/v2\/posts\/46859\/revisions"}],"wp:featuredmedia":[{"embeddable":true,"href":"https:\/\/www.europesays.com\/fr\/wp-json\/wp\/v2\/media\/46860"}],"wp:attachment":[{"href":"https:\/\/www.europesays.com\/fr\/wp-json\/wp\/v2\/media?parent=46859"}],"wp:term":[{"taxonomy":"category","embeddable":true,"href":"https:\/\/www.europesays.com\/fr\/wp-json\/wp\/v2\/categories?post=46859"},{"taxonomy":"post_tag","embeddable":true,"href":"https:\/\/www.europesays.com\/fr\/wp-json\/wp\/v2\/tags?post=46859"}],"curies":[{"name":"wp","href":"https:\/\/api.w.org\/{rel}","templated":true}]}}