{"id":468590,"date":"2025-10-16T23:32:28","date_gmt":"2025-10-16T23:32:28","guid":{"rendered":"https:\/\/www.europesays.com\/fr\/468590\/"},"modified":"2025-10-16T23:32:28","modified_gmt":"2025-10-16T23:32:28","slug":"lue-et-ses-allies-condamnent-le-non-respect-des-obligations-nucleaires-du-regime-iranien-a-lassemblee-generale-des-nations-unies-conseil-national-de-la-resistance-iranienne","status":"publish","type":"post","link":"https:\/\/www.europesays.com\/fr\/468590\/","title":{"rendered":"L&rsquo;UE et ses alli\u00e9s condamnent le non-respect des obligations nucl\u00e9aires du r\u00e9gime iranien \u00e0 l&rsquo;Assembl\u00e9e g\u00e9n\u00e9rale des Nations Unies &#8211; Conseil National de la R\u00e9sistance Iranienne"},"content":{"rendered":"<p>\nFacebook<br \/>\nTwitter<br \/>\nPinterest<br \/>\nLinkedIn\n<\/p>\n<p><img fetchpriority=\"high\" decoding=\"async\" class=\"wp-image-77872 size-full\" src=\"https:\/\/www.europesays.com\/fr\/wp-content\/uploads\/2025\/10\/UN-General-Assemblys-First-Committee-meeting.jpg\" alt=\"L'UE et ses alli\u00e9s condamnent le non-respect des obligations nucl\u00e9aires du r\u00e9gime iranien \u00e0 l'Assembl\u00e9e g\u00e9n\u00e9rale des Nations Unies\" width=\"1000\" height=\"566\"  \/>R\u00e9union de la Premi\u00e8re Commission de l\u2019Assembl\u00e9e g\u00e9n\u00e9rale des Nations Unies<\/p>\n<p>Lors de la 80e session de la Premi\u00e8re Commission de l\u2019Assembl\u00e9e g\u00e9n\u00e9rale des Nations Unies, les membres de l\u2019Union europ\u00e9enne et leurs principaux alli\u00e9s occidentaux ont vivement critiqu\u00e9 les violations persistantes par le r\u00e9gime iranien de ses obligations nucl\u00e9aires et ont appel\u00e9 au r\u00e9tablissement complet des sanctions de l\u2019ONU.<\/p>\n<p>Lors d\u2019<a href=\"https:\/\/www.eeas.europa.eu\/delegations\/un-new-york\/eu-statement-%E2%80%93-un-general-assembly-1st-committee-general-statement-0_en\" rel=\"nofollow noopener\" target=\"_blank\">une d\u00e9claration<\/a> au nom de l\u2019UE et de ses \u00c9tats membres, l\u2019ambassadrice Hedda Samson, repr\u00e9sentante adjointe de l\u2019UE aupr\u00e8s des Nations Unies, a r\u00e9affirm\u00e9 que \u00ab l\u2019Iran ne doit jamais \u00eatre autoris\u00e9 \u00e0 se doter de l\u2019arme nucl\u00e9aire \u00bb et a exhort\u00e9 T\u00e9h\u00e9ran \u00e0 reprendre pleinement sa coop\u00e9ration avec l\u2019Agence internationale de l\u2019\u00e9nergie atomique (AIEA). La d\u00e9claration de l\u2019UE a soulign\u00e9 que T\u00e9h\u00e9ran devait respecter les garanties juridiquement contraignantes qui lui incombent en vertu du Trait\u00e9 de non-prolif\u00e9ration (TNP) et accorder aux inspecteurs un acc\u00e8s sans restriction \u00e0 toutes les installations nucl\u00e9aires.<\/p>\n<p>L\u2019UE a \u00e9galement r\u00e9affirm\u00e9 son engagement en faveur d\u2019une solution diplomatique, mais a averti que le manque de transparence de l\u2019Iran et sa coop\u00e9ration militaire croissante avec des \u00c9tats voyous aggravent l\u2019instabilit\u00e9 mondiale.<\/p>\n<p><strong>Les d\u00e9l\u00e9gations europ\u00e9ennes font \u00e9cho aux pr\u00e9occupations<\/strong><\/p>\n<p>Dans des d\u00e9clarations nationales distinctes, les repr\u00e9sentants de la France, de l\u2019Allemagne et du Royaume-Uni ont r\u00e9affirm\u00e9 que les violations syst\u00e9matiques par l\u2019Iran de l\u2019accord nucl\u00e9aire de 2015 (JCPOA) ont entra\u00een\u00e9 l\u2019activation du m\u00e9canisme de \u00ab\u00a0snapback\u00a0\u00bb de l\u2019ONU le 28 ao\u00fbt.<\/p>\n<p>L\u2019envoy\u00e9 de la France a qualifi\u00e9 le non-respect par T\u00e9h\u00e9ran de \u00ab\u00a0violation grave et persistante\u00a0\u00bb et a exig\u00e9 que les inspecteurs de l\u2019AIEA retrouvent un acc\u00e8s complet \u00e0 tous les sites iraniens. Le repr\u00e9sentant de l\u2019Allemagne a qualifi\u00e9 la crise nucl\u00e9aire non r\u00e9solue de \u00ab\u00a0d\u00e9fi majeur pour le r\u00e9gime mondial de non-prolif\u00e9ration\u00a0\u00bb, soulignant que six ann\u00e9es de dialogue n\u2019avaient pas permis d\u2019inverser les violations iraniennes.<\/p>\n<p><strong>Soutien europ\u00e9en \u00e9largi<\/strong><\/p>\n<p>Des repr\u00e9sentants de l\u2019Italie, du Luxembourg, de la R\u00e9publique tch\u00e8que, de l\u2019Irlande, de la Hongrie, de la Lettonie, de la Finlande, de la Lituanie, de la Belgique et du Danemark ont \u200b\u200bexprim\u00e9 une inqui\u00e9tude similaire face au manque de coop\u00e9ration du r\u00e9gime avec l\u2019AIEA.<\/p>\n<p>L\u2019Italie a exhort\u00e9 le r\u00e9gime cl\u00e9rical \u00e0 reprendre les n\u00e9gociations et \u00e0 autoriser l\u2019examen de toutes les mati\u00e8res fissiles enrichies. Le Luxembourg a exprim\u00e9 son plein soutien au r\u00e9tablissement des sanctions, invoquant le \u00ab\u00a0non-respect persistant\u00a0\u00bb de T\u00e9h\u00e9ran.<\/p>\n<p>Le d\u00e9l\u00e9gu\u00e9 tch\u00e8que a soulign\u00e9 que l\u2019AIEA \u00ab ne peut confirmer le caract\u00e8re exclusivement pacifique \u00bb du programme nucl\u00e9aire iranien, tandis que le Danemark et la Lettonie ont affirm\u00e9 que le r\u00e9tablissement des sanctions de l\u2019ONU constituait \u00ab une r\u00e9ponse justifi\u00e9e et n\u00e9cessaire \u00bb.<\/p>\n<p><strong>Perspectives<\/strong><\/p>\n<p>Les d\u00e9clarations occidentales combin\u00e9es t\u00e9moignent d\u2019un nouveau consensus\u00a0: les avanc\u00e9es nucl\u00e9aires de l\u2019Iran, conjugu\u00e9es \u00e0 son alignement sur des \u00c9tats voyous, constituent d\u00e9sormais un test direct pour la cr\u00e9dibilit\u00e9 du syst\u00e8me mondial de non-prolif\u00e9ration.<\/p>\n","protected":false},"excerpt":{"rendered":"Facebook Twitter Pinterest LinkedIn R\u00e9union de la Premi\u00e8re Commission de l\u2019Assembl\u00e9e g\u00e9n\u00e9rale des Nations Unies Lors de la&hellip;\n","protected":false},"author":2,"featured_media":468591,"comment_status":"","ping_status":"","sticky":false,"template":"","format":"standard","meta":{"footnotes":""},"categories":[1586],"tags":[11,1777,674,1779,1011,27,3019,22866,59234,12,59233,25,1778,364],"class_list":{"0":"post-468590","1":"post","2":"type-post","3":"status-publish","4":"format-standard","5":"has-post-thumbnail","7":"category-europe","8":"tag-actualites","9":"tag-eu","10":"tag-europe","11":"tag-european-union","12":"tag-fr","13":"tag-france","14":"tag-iran","15":"tag-iranien","16":"tag-iranienne","17":"tag-news","18":"tag-nucleaires","19":"tag-republique-francaise","20":"tag-ue","21":"tag-union-europeenne"},"share_on_mastodon":{"url":"https:\/\/pubeurope.com\/@fr\/115386459900337864","error":""},"_links":{"self":[{"href":"https:\/\/www.europesays.com\/fr\/wp-json\/wp\/v2\/posts\/468590","targetHints":{"allow":["GET"]}}],"collection":[{"href":"https:\/\/www.europesays.com\/fr\/wp-json\/wp\/v2\/posts"}],"about":[{"href":"https:\/\/www.europesays.com\/fr\/wp-json\/wp\/v2\/types\/post"}],"author":[{"embeddable":true,"href":"https:\/\/www.europesays.com\/fr\/wp-json\/wp\/v2\/users\/2"}],"replies":[{"embeddable":true,"href":"https:\/\/www.europesays.com\/fr\/wp-json\/wp\/v2\/comments?post=468590"}],"version-history":[{"count":0,"href":"https:\/\/www.europesays.com\/fr\/wp-json\/wp\/v2\/posts\/468590\/revisions"}],"wp:featuredmedia":[{"embeddable":true,"href":"https:\/\/www.europesays.com\/fr\/wp-json\/wp\/v2\/media\/468591"}],"wp:attachment":[{"href":"https:\/\/www.europesays.com\/fr\/wp-json\/wp\/v2\/media?parent=468590"}],"wp:term":[{"taxonomy":"category","embeddable":true,"href":"https:\/\/www.europesays.com\/fr\/wp-json\/wp\/v2\/categories?post=468590"},{"taxonomy":"post_tag","embeddable":true,"href":"https:\/\/www.europesays.com\/fr\/wp-json\/wp\/v2\/tags?post=468590"}],"curies":[{"name":"wp","href":"https:\/\/api.w.org\/{rel}","templated":true}]}}