{"id":468592,"date":"2025-10-16T23:33:13","date_gmt":"2025-10-16T23:33:13","guid":{"rendered":"https:\/\/www.europesays.com\/fr\/468592\/"},"modified":"2025-10-16T23:33:13","modified_gmt":"2025-10-16T23:33:13","slug":"trump-menace-daller-tuer-les-membres-du-hamas-depouilles-dotages-tourisme-doccupation-lactu-au-proche-orient-de-ce-jeudi","status":"publish","type":"post","link":"https:\/\/www.europesays.com\/fr\/468592\/","title":{"rendered":"Trump menace \u00abd\u2019aller tuer\u00bb les membres du Hamas, d\u00e9pouilles d\u2019otages, \u00abtourisme d\u2019occupation\u00bb\u2026 L\u2019actu au Proche-Orient de ce jeudi"},"content":{"rendered":"<p class=\"sc-cPiKLX AiZTS text-element\">La r\u00e9daction de Lib\u00e9ration r\u00e9sume les principales actualit\u00e9s du jour sur la situation au Proche-Orient. <\/p>\n<p class=\"sc-cPiKLX AiZTS text-element\">Donald Trump a menac\u00e9 ce jeudi soir \u00abd\u2019aller tuer\u00bb les membres du Hamas si le mouvement islamiste palestinien \u00abn\u2019arr\u00eatait pas de tuer des gens\u00bb \u00e0 Gaza. \u00abSi le Hamas continue de tuer des gens \u00e0 Gaza, ce qui n\u2019\u00e9tait pas pr\u00e9vu dans l\u2019accord, nous n\u2019aurons pas d\u2019autre choix que d\u2019aller les tuer\u00bb, a \u00e9crit le pr\u00e9sident am\u00e9ricain sur son r\u00e9seau Truth Social. Le Hamas a diffus\u00e9 mardi une vid\u00e9o montrant des ex\u00e9cutions sommaires de \u00abcollaborateurs\u00bb pr\u00e9sum\u00e9s en pleine rue \u00e0 Gaza City. <\/p>\n<p class=\"sc-cPiKLX AiZTS text-element\">Les termes de l\u2019accord entre le mouvement islamiste et l\u2019Etat h\u00e9breu pr\u00e9voyaient que tous les otages, vivants ou morts, soient remis dans les soixante-douze heures suivant la mise en application du cessez-le-feu. Dix-neuf d\u00e9pouilles manquent encore. Le Premier ministre isra\u00e9lien a <a href=\"https:\/\/www.liberation.fr\/international\/moyen-orient\/le-hamas-dit-avoir-livre-a-israel-toutes-les-depouilles-dotages-auxquelles-il-a-eu-acces-20251015_C2JTF75AOZGXPL7M5E5PQ5OJVQ\/\" target=\"_blank\" rel=\"noopener\" title=\"https:\/\/www.liberation.fr\/international\/moyen-orient\/le-hamas-dit-avoir-livre-a-israel-toutes-les-depouilles-dotages-auxquelles-il-a-eu-acces-20251015_C2JTF75AOZGXPL7M5E5PQ5OJVQ\/\">r\u00e9affirm\u00e9 ce jeudi sa d\u00e9termination \u00e0 obtenir le retour de toutes les d\u00e9pouilles d\u2019otages aux mains du Hamas.<\/a> <\/p>\n<p class=\"sc-cPiKLX AiZTS text-element\">Si le Hamas a lib\u00e9r\u00e9 dans les temps <a href=\"https:\/\/www.liberation.fr\/international\/moyen-orient\/liberation-des-20-otages-israeliens-encore-vivants-decouvrez-leurs-portraits-20251013_DWZABJJAK5A5JM6HL6JSB6TISA\/\" target=\"_blank\" rel=\"noopener\" title=\"https:\/\/www.liberation.fr\/international\/moyen-orient\/liberation-des-20-otages-israeliens-encore-vivants-decouvrez-leurs-portraits-20251013_DWZABJJAK5A5JM6HL6JSB6TISA\/\">les 20 otages encore vivants<\/a>, il n\u2019a remis depuis lundi que neuf d\u00e9pouilles d\u2019otages sur les 28 qu\u2019il retient. Il affirme avoir remis les corps auxquels il a pu acc\u00e9der et avoir besoin d\u2019un \u00ab\u00e9quipement sp\u00e9cial\u00bb pour r\u00e9cup\u00e9rer les autres d\u00e9pouilles. Benyamin N\u00e9tanyahou a menac\u00e9 le Hamas : \u00abLe combat n\u2019est pas encore termin\u00e9, mais une chose est claire : quiconque l\u00e8ve la main sur nous sait qu\u2019il paiera un prix tr\u00e8s lourd.\u00bb De son c\u00f4t\u00e9, Isra\u00ebl a remis au total 120 corps de Palestiniens, dont 30 jeudi \u00e0 Gaza, selon le minist\u00e8re de la Sant\u00e9 du Hamas. <\/p>\n<p class=\"sc-cPiKLX AiZTS text-element\">Une plainte pour complicit\u00e9 et recel aggrav\u00e9 de crimes de guerre vise les plateformes Airbnb et Booking.com, accus\u00e9es par La Ligue des droits de l\u2019Homme (LDH) de favoriser un \u00abtourisme d\u2019occupation\u00bb. En cause ? Des annonces de logements dans les colonies isra\u00e9liennes &#8211; ill\u00e9gales au regard du droit international &#8211; implant\u00e9es dans les territoires palestiniens.<\/p>\n<p class=\"sc-cPiKLX AiZTS text-element\">\u00abMalgr\u00e9 les alertes des organismes des Nations unies et de diverses associations de droits de l\u2019Homme\u00bb, les pratiques de Booking.com et Airbnb constituent aux yeux de la LDH \u00abune aide [\u2026] au plan concert\u00e9 isra\u00e9lien de colonisation et de destruction de la population palestinienne\u00bb, souligne la plainte avec constitution de partie civile, d\u00e9pos\u00e9e ce jeudi 16 octobre par Patrick Baudouin. <\/p>\n<p class=\"sc-cPiKLX AiZTS text-element\">Si Booking.com mentionne que les logements sont situ\u00e9s dans des colonies isra\u00e9liennes et que ces derni\u00e8res sont \u00aben Palestine\u00bb, Airbnb indique simplement le nom de la colonie, sans pr\u00e9ciser que cela en est une.<\/p>\n<p class=\"sc-cPiKLX AiZTS text-element\">Mustafa Cakici est coordinateur international de la d\u00e9l\u00e9gation fran\u00e7aise et porte-parole de <a href=\"https:\/\/www.liberation.fr\/international\/global-sumud-flotilla-la-nouvelle-initiative-humanitaire-qui-souhaite-rompre-le-blocus-de-gaza-20250709_23CMLLM56VHVZPF7ETNA6R3AGY\/\" target=\"_blank\" rel=\"noopener\" title=\"https:\/\/www.liberation.fr\/international\/global-sumud-flotilla-la-nouvelle-initiative-humanitaire-qui-souhaite-rompre-le-blocus-de-gaza-20250709_23CMLLM56VHVZPF7ETNA6R3AGY\/\">la Global Sumud Flotilla (GSF)<\/a>. Ses publications r\u00e9p\u00e9t\u00e9es de messages antis\u00e9mites, homophobes et n\u00e9gationnistes sur les r\u00e9seaux sociaux ont men\u00e9 ce p\u00e8re de famille fran\u00e7ais \u00e0 l\u2019exclusion de l\u2019ONG, ce jeudi 16 octobre. <\/p>\n<p class=\"sc-cPiKLX AiZTS text-element\">Celui qui revient d\u2019un mois de mission humanitaire &#8211; pour percer le blocus de Gaza impos\u00e9 par Isra\u00ebl &#8211; qui s\u2019est termin\u00e9e par cinq jours de d\u00e9tention dans les prisons isra\u00e9liennes, n\u2019a jamais fait l\u2019unanimit\u00e9 chez les militants de la cause palestinienne. Confront\u00e9 \u00e0 ses publications, Mustafa Cakici assume tout. LFI s\u2019en \u00abdissocie vigoureusement\u00bb rapporte <a href=\"https:\/\/www.streetpress.com\/sujet\/1760615664-mustafa-cakici-waves-freedom-lfi-porte-parole-global-sumud-flotilla-palestine-vire-propos-antisemites-homophobes-negationnistes-facebook\" target=\"_blank\" rel=\"noopener\" title=\"https:\/\/www.streetpress.com\/sujet\/1760615664-mustafa-cakici-waves-freedom-lfi-porte-parole-global-sumud-flotilla-palestine-vire-propos-antisemites-homophobes-negationnistes-facebook\">un article de StreetPress.<\/a> <\/p>\n<p class=\"sc-cPiKLX AiZTS text-element\">Des sources du minist\u00e8re de la D\u00e9fense turc ont annonc\u00e9 ce jeudi l\u2019envoi d\u2019une \u00e9quipe de sp\u00e9cialistes \u00e0 Gaza, afin de participer \u00e0 l<a href=\"https:\/\/www.liberation.fr\/international\/moyen-orient\/cessez-le-feu-dans-la-bande-de-gaza-la-restitution-des-corps-des-otages-menace-laccord-20251014_DR4DAKMMGBECFLUBXNK7RPVFE4\/\" target=\"_blank\" rel=\"noopener\" title=\"https:\/\/www.liberation.fr\/international\/moyen-orient\/cessez-le-feu-dans-la-bande-de-gaza-la-restitution-des-corps-des-otages-menace-laccord-20251014_DR4DAKMMGBECFLUBXNK7RPVFE4\/\">a recherche des corps enfouis dans les ruines de la bande de Gaza.<\/a> <\/p>\n<p class=\"sc-cPiKLX AiZTS text-element\">Ces recherches seront effectu\u00e9es par des secouristes de l\u2019Afad (l\u2019agence turque de gestion des catastrophes et des urgences), habitu\u00e9s \u00e0 intervenir en terrain difficile, en particulier \u00e0 la suite des nombreux tremblements de terre qui ont secou\u00e9 la Turquie, dont celui de f\u00e9vrier 2023 dans le Sud-Est, qui a fait au moins 53 000 morts.<\/p>\n","protected":false},"excerpt":{"rendered":"La r\u00e9daction de Lib\u00e9ration r\u00e9sume les principales actualit\u00e9s du jour sur la situation au Proche-Orient. Donald Trump a&hellip;\n","protected":false},"author":2,"featured_media":468593,"comment_status":"","ping_status":"","sticky":false,"template":"","format":"standard","meta":{"footnotes":""},"categories":[2],"tags":[11,1011,27,3522,12,25],"class_list":{"0":"post-468592","1":"post","2":"type-post","3":"status-publish","4":"format-standard","5":"has-post-thumbnail","7":"category-actualites","8":"tag-actualites","9":"tag-fr","10":"tag-france","11":"tag-guerre-hamas-israel","12":"tag-news","13":"tag-republique-francaise"},"share_on_mastodon":{"url":"https:\/\/pubeurope.com\/@fr\/115386463233979406","error":""},"_links":{"self":[{"href":"https:\/\/www.europesays.com\/fr\/wp-json\/wp\/v2\/posts\/468592","targetHints":{"allow":["GET"]}}],"collection":[{"href":"https:\/\/www.europesays.com\/fr\/wp-json\/wp\/v2\/posts"}],"about":[{"href":"https:\/\/www.europesays.com\/fr\/wp-json\/wp\/v2\/types\/post"}],"author":[{"embeddable":true,"href":"https:\/\/www.europesays.com\/fr\/wp-json\/wp\/v2\/users\/2"}],"replies":[{"embeddable":true,"href":"https:\/\/www.europesays.com\/fr\/wp-json\/wp\/v2\/comments?post=468592"}],"version-history":[{"count":0,"href":"https:\/\/www.europesays.com\/fr\/wp-json\/wp\/v2\/posts\/468592\/revisions"}],"wp:featuredmedia":[{"embeddable":true,"href":"https:\/\/www.europesays.com\/fr\/wp-json\/wp\/v2\/media\/468593"}],"wp:attachment":[{"href":"https:\/\/www.europesays.com\/fr\/wp-json\/wp\/v2\/media?parent=468592"}],"wp:term":[{"taxonomy":"category","embeddable":true,"href":"https:\/\/www.europesays.com\/fr\/wp-json\/wp\/v2\/categories?post=468592"},{"taxonomy":"post_tag","embeddable":true,"href":"https:\/\/www.europesays.com\/fr\/wp-json\/wp\/v2\/tags?post=468592"}],"curies":[{"name":"wp","href":"https:\/\/api.w.org\/{rel}","templated":true}]}}