{"id":468602,"date":"2025-10-16T23:39:14","date_gmt":"2025-10-16T23:39:14","guid":{"rendered":"https:\/\/www.europesays.com\/fr\/468602\/"},"modified":"2025-10-16T23:39:14","modified_gmt":"2025-10-16T23:39:14","slug":"casper-ruud-critique-le-rallongement-des-masters-1000","status":"publish","type":"post","link":"https:\/\/www.europesays.com\/fr\/468602\/","title":{"rendered":"Casper Ruud critique le rallongement des Masters 1000"},"content":{"rendered":"<p>                <img decoding=\"async\" src=\"https:\/\/www.europesays.com\/fr\/wp-content\/uploads\/2025\/10\/kz65.jpg\" fetchpriority=\"high\" alt=\"\u00ab Trop long, trop co\u00fbteux \u00bb : Casper Ruud critique le rallongement des Masters 1000\"\/><\/p>\n<p>Fatigue accrue, frais plus \u00e9lev\u00e9s, rythme ralenti\u2026 Le double finaliste de Roland-Garros livre son ressenti sur la r\u00e9forme qui a boulevers\u00e9 le calendrier ATP ces derni\u00e8res saisons. Pour lui, le tennis perd en intensit\u00e9 et en \u00e9quilibre.<\/p>\n<p>Sur les neuf Masters 1000 en place dans le calendrier, sept se jouent d\u00e9sormais sur douze jours, ne laissant que Monte-Carlo et Paris sous l\u2019ancien format. Un changement qui a suscit\u00e9 de nombreuses discussions tout au long de la saison, de nombreux joueurs \u00e9levant la voix contre un format plus exigeant que jamais.<\/p>\n<p>Casper Ruud, pr\u00e9sent cette semaine \u00e0 Stockholm et qualifi\u00e9 pour les quarts de finale, a discut\u00e9 de cette r\u00e9forme des Masters 1000.<\/p>\n<p>Dans des propos relay\u00e9s par Punto Debreak, le Norv\u00e9gien, comme ses coll\u00e8gues, avoue pr\u00e9f\u00e9rer les tournois qui se jouent sur une semaine :<\/p>\n<p>\u00ab Personnellement, je ne suis pas fan de ce rallongement des Masters 1000. Cela veut dire que tu passes plus de temps loin de chez toi. Monte-Carlo et Paris illustrent parfaitement la rapidit\u00e9 et l\u2019intensit\u00e9 des Masters 1000.<\/p>\n<p>En tant que fan de tennis, je trouve cela plus amusant quand il y a autant d\u2019intensit\u00e9 et des matchs exigeants d\u00e8s le d\u00e9but. Mais en th\u00e9orie, ce format sur deux semaines devrait aider le sport, donc pour nous, plus de revenus et de prize money. Je comprends ce point de vue.<\/p>\n<p>J\u2019ai v\u00e9cu les deux sc\u00e9narios : gagner un Masters 1000 sur deux semaines et perdre au premier tour. Dans les deux cas, cela me semble trop long.<\/p>\n<p>Si vous perdez au premier tour d\u2019Indian Wells, vous avez Miami dans deux semaines. Ce sont deux semaines de d\u00e9penses entre le logement, la nourriture et le salaire de l\u2019\u00e9quipe. Et vous devez rester aux \u00c9tats-Unis.<\/p>\n<p>\u00c9videmment, nous recevons des compensations financi\u00e8res sous forme de bonus \u00e0 la fin de l\u2019ann\u00e9e. Mais il est n\u00e9cessaire que nous jouions pour cela. J\u2019ai l\u2019impression que l\u2019ATP va dans un sens et les joueurs dans l\u2019autre. \u00bb<\/p>\n","protected":false},"excerpt":{"rendered":"Fatigue accrue, frais plus \u00e9lev\u00e9s, rythme ralenti\u2026 Le double finaliste de Roland-Garros livre son ressenti sur la r\u00e9forme&hellip;\n","protected":false},"author":2,"featured_media":468603,"comment_status":"","ping_status":"","sticky":false,"template":"","format":"standard","meta":{"footnotes":""},"categories":[1415],"tags":[1011,27,60,1467],"class_list":{"0":"post-468602","1":"post","2":"type-post","3":"status-publish","4":"format-standard","5":"has-post-thumbnail","7":"category-tennis","8":"tag-fr","9":"tag-france","10":"tag-sports","11":"tag-tennis"},"share_on_mastodon":{"url":"https:\/\/pubeurope.com\/@fr\/115386487349277538","error":""},"_links":{"self":[{"href":"https:\/\/www.europesays.com\/fr\/wp-json\/wp\/v2\/posts\/468602","targetHints":{"allow":["GET"]}}],"collection":[{"href":"https:\/\/www.europesays.com\/fr\/wp-json\/wp\/v2\/posts"}],"about":[{"href":"https:\/\/www.europesays.com\/fr\/wp-json\/wp\/v2\/types\/post"}],"author":[{"embeddable":true,"href":"https:\/\/www.europesays.com\/fr\/wp-json\/wp\/v2\/users\/2"}],"replies":[{"embeddable":true,"href":"https:\/\/www.europesays.com\/fr\/wp-json\/wp\/v2\/comments?post=468602"}],"version-history":[{"count":0,"href":"https:\/\/www.europesays.com\/fr\/wp-json\/wp\/v2\/posts\/468602\/revisions"}],"wp:featuredmedia":[{"embeddable":true,"href":"https:\/\/www.europesays.com\/fr\/wp-json\/wp\/v2\/media\/468603"}],"wp:attachment":[{"href":"https:\/\/www.europesays.com\/fr\/wp-json\/wp\/v2\/media?parent=468602"}],"wp:term":[{"taxonomy":"category","embeddable":true,"href":"https:\/\/www.europesays.com\/fr\/wp-json\/wp\/v2\/categories?post=468602"},{"taxonomy":"post_tag","embeddable":true,"href":"https:\/\/www.europesays.com\/fr\/wp-json\/wp\/v2\/tags?post=468602"}],"curies":[{"name":"wp","href":"https:\/\/api.w.org\/{rel}","templated":true}]}}