{"id":468605,"date":"2025-10-16T23:42:14","date_gmt":"2025-10-16T23:42:14","guid":{"rendered":"https:\/\/www.europesays.com\/fr\/468605\/"},"modified":"2025-10-16T23:42:14","modified_gmt":"2025-10-16T23:42:14","slug":"grand-prix-des-etats-unis-les-pilotes-affrontent-la-canicule-au-texas","status":"publish","type":"post","link":"https:\/\/www.europesays.com\/fr\/468605\/","title":{"rendered":"Grand Prix des \u00c9tats-Unis: Les pilotes affrontent la canicule au Texas"},"content":{"rendered":"<p>Publi\u00e916. octobre 2025, 18:07<\/p>\n<p>Formule 1: Au Texas, le GP se disputera encore sous alerte fortes chaleurs<\/p>\n<p>Apr\u00e8s Singapour, il y a deux semaines, le Grand Prix des Etats-Unis, ce week-end, se disputera aussi sous la canicule. Les gilets refroidissants seront autoris\u00e9s.<\/p>\n<p><img loading=\"lazy\" decoding=\"async\" src=\"https:\/\/www.europesays.com\/fr\/wp-content\/uploads\/2025\/10\/0602a4fb-abcd-4959-bb36-f19d8bdda8ed.jpg\" alt=\"Les pilotes vont souffrir de la chaleur, ce prochain week-end \u00e0 Austin.\" title=\"Les pilotes vont souffrir de la chaleur, ce prochain week-end \u00e0 Austin.\"  width=\"1200\" height=\"800\"\/><\/p>\n<p>Les pilotes vont souffrir de la chaleur, ce prochain week-end \u00e0 Austin.<\/p>\n<p>IMAGO\/PanoramiC<\/p>\n<p>Deux semaines apr\u00e8s avoir d\u00e9clench\u00e9 pour la premi\u00e8re fois son alerte fortes chaleurs \u00e0 Singapour, la F\u00e9d\u00e9ration internationale de l\u2019automobile (FIA) a r\u00e9cidiv\u00e9 jeudi en amont du Grand Prix des Etats-Unis, pr\u00e9vu de vendredi \u00e0 dimanche \u00e0 Austin, au Texas.<\/p>\n<p>\u00abApr\u00e8s avoir re\u00e7u les pr\u00e9visions du service m\u00e9t\u00e9orologique officiel annon\u00e7ant que la temp\u00e9rature d\u00e9passerait les 31\u00b0C pendant le sprint samedi ou le Grand Prix dimanche, l\u2019alerte fortes chaleurs a \u00e9t\u00e9 d\u00e9clench\u00e9e\u00bb, a annonc\u00e9 jeudi matin le directeur de course Rui Marques dans un communiqu\u00e9.<\/p>\n<p>Instaur\u00e9e apr\u00e8s le Grand Prix du Qatar 2023, quand plusieurs pilotes avaient d\u00fb recevoir des soins apr\u00e8s avoir souffert de la chaleur, cette r\u00e8gle leur permet de porter des gilets sp\u00e9ciaux rafra\u00eechissants pendant la course. Ces gilets peuvent cependant se r\u00e9v\u00e9ler inconfortables dans un cockpit d\u00e9j\u00e0 tr\u00e8s exigu, selon certains pilotes qui les ont test\u00e9s.<\/p>\n<p>Gilet impos\u00e9 d\u00e8s 2026<\/p>\n<p>Pour compenser l\u2019ajout de ce kit de refroidissement, le poids minimum r\u00e9glementaire total des monoplaces augmente de 5 kg, passant \u00e0 805 kg.<\/p>\n<p>Si le kit devra obligatoirement \u00eatre install\u00e9 sur les monoplaces ce week-end, les pilotes ne seront en revanche pas tenus de porter la veste \u2013 mais devront tout de m\u00eame transporter un lest suppl\u00e9mentaire de 0,5 kg afin de ne pas b\u00e9n\u00e9ficier d\u2019un avantage de poids. A Singapour, certains pilotes l\u2019avaient port\u00e9 mais pas tous.<\/p>\n<p>Selon les pr\u00e9visions m\u00e9t\u00e9orologiques, 33\u00b0C sont attendus vendredi, 34\u00b0C samedi lors du sprint et 31\u00b0C dimanche pour le Grand Prix.<\/p>\n<p>La FIA pr\u00e9voit \u00e0 partir de 2026 d\u2019imposer aux pilotes de porter le gilet rafra\u00eechissant, malgr\u00e9 l\u2019opposition de certains d\u2019entre eux dont le quadruple champion du monde Max Verstappen (Red Bull).<\/p>\n<p>\u00abJe pense que ce devrait \u00eatre une option, que chacun puisse choisir de le porter ou non. Cette saison oui (ils ne sont pas obligatoires, ndlr), mais ce sera le cas l\u2019an prochain. Et je ne suis absolument pas d\u2019accord avec \u00e7a. C\u2019est un peu ridicule, honn\u00eatement. Au final, c\u2019est une question de s\u00e9curit\u00e9 personnelle et de ressenti\u00bb, avait-il d\u00e9clar\u00e9 \u00e0 la cha\u00eene de t\u00e9l\u00e9vision n\u00e9erlandaise Viaplay \u00e0 Singapour.<\/p>\n<p>(afp)<\/p>\n","protected":false},"excerpt":{"rendered":"Publi\u00e916. octobre 2025, 18:07 Formule 1: Au Texas, le GP se disputera encore sous alerte fortes chaleurs Apr\u00e8s&hellip;\n","protected":false},"author":2,"featured_media":468606,"comment_status":"","ping_status":"","sticky":false,"template":"","format":"standard","meta":{"footnotes":""},"categories":[1412],"tags":[1451,1452,1453,1454,1455,1011,27,60],"class_list":{"0":"post-468605","1":"post","2":"type-post","3":"status-publish","4":"format-standard","5":"has-post-thumbnail","7":"category-f1","8":"tag-f1","9":"tag-formula-1","10":"tag-formula1","11":"tag-formule-1","12":"tag-formule1","13":"tag-fr","14":"tag-france","15":"tag-sports"},"share_on_mastodon":{"url":"https:\/\/pubeurope.com\/@fr\/115386499186527889","error":""},"_links":{"self":[{"href":"https:\/\/www.europesays.com\/fr\/wp-json\/wp\/v2\/posts\/468605","targetHints":{"allow":["GET"]}}],"collection":[{"href":"https:\/\/www.europesays.com\/fr\/wp-json\/wp\/v2\/posts"}],"about":[{"href":"https:\/\/www.europesays.com\/fr\/wp-json\/wp\/v2\/types\/post"}],"author":[{"embeddable":true,"href":"https:\/\/www.europesays.com\/fr\/wp-json\/wp\/v2\/users\/2"}],"replies":[{"embeddable":true,"href":"https:\/\/www.europesays.com\/fr\/wp-json\/wp\/v2\/comments?post=468605"}],"version-history":[{"count":0,"href":"https:\/\/www.europesays.com\/fr\/wp-json\/wp\/v2\/posts\/468605\/revisions"}],"wp:featuredmedia":[{"embeddable":true,"href":"https:\/\/www.europesays.com\/fr\/wp-json\/wp\/v2\/media\/468606"}],"wp:attachment":[{"href":"https:\/\/www.europesays.com\/fr\/wp-json\/wp\/v2\/media?parent=468605"}],"wp:term":[{"taxonomy":"category","embeddable":true,"href":"https:\/\/www.europesays.com\/fr\/wp-json\/wp\/v2\/categories?post=468605"},{"taxonomy":"post_tag","embeddable":true,"href":"https:\/\/www.europesays.com\/fr\/wp-json\/wp\/v2\/tags?post=468605"}],"curies":[{"name":"wp","href":"https:\/\/api.w.org\/{rel}","templated":true}]}}