{"id":468610,"date":"2025-10-16T23:45:17","date_gmt":"2025-10-16T23:45:17","guid":{"rendered":"https:\/\/www.europesays.com\/fr\/468610\/"},"modified":"2025-10-16T23:45:17","modified_gmt":"2025-10-16T23:45:17","slug":"elodie-poux-la-raison-pour-laquelle-elle-a-ete-ciblee-par-un-colis-piege-il-sagit-dune-personne","status":"publish","type":"post","link":"https:\/\/www.europesays.com\/fr\/468610\/","title":{"rendered":"Elodie Poux, la raison pour laquelle elle a \u00e9t\u00e9 cibl\u00e9e par un colis pi\u00e9g\u00e9\u00a0: \u00ab\u00a0Il s&rsquo;agit d&rsquo;une personne&#8230;\u00a0\u00bb"},"content":{"rendered":"<p>            <a href=\"https:\/\/www.journaldesfemmes.fr\/people\/magazine\/3243944-la-semaine-des-stars-actu-people-france-octobre-valeri-lemercier-laeticia-hallyday\/3244376-patrick-sebastien\" class=\"app_button_nav_prev jMiddlePreviousButton\" rel=\"nofollow noopener\" target=\"_blank\"><\/a><a href=\"https:\/\/www.journaldesfemmes.fr\/people\/magazine\/3243944-la-semaine-des-stars-actu-people-france-octobre-valeri-lemercier-laeticia-hallyday\/3244458-aurore-auteuil\" class=\"app_button_nav_next jMiddleNextButton\" rel=\"nofollow noopener\" target=\"_blank\"><\/a><\/p>\n<p>                <img decoding=\"async\" src=\"https:\/\/www.europesays.com\/fr\/wp-content\/uploads\/2025\/10\/40050537.jpeg\" alt=\"\" width=\"250\"\/><br \/>\n            Elodie Poux \u00a9\u00a0Berzane Nasser\/ABACA    <\/p>\n<p><strong>Plus de peur que de mal<\/strong>.\u00a0Elodie Poux, qui a failli recevoir un colis pi\u00e9g\u00e9, a enfin trouv\u00e9 pourquoi elle avait \u00e9t\u00e9 cibl\u00e9e avec Manuel Bompard et Estelle Denis. \u00ab\u00a0Il s&rsquo;agit d&rsquo;une personne d&rsquo;une cinquantaine d&rsquo;ann\u00e9es qui ne travaille pas, qui vit chez son papa, et qui est fan de feux d&rsquo;artifice et de tout ce qui explose. Il a entendu un sketch de moi sur Rire et Chansons qui parle de complotisme, du Covid, des anti-vax, et \u00e7a ne l&rsquo;a pas fait beaucoup fait rigoler. Il a dit que \u00e7a lui avait rappel\u00e9 quand il avait eu peur du Covid, et que du coup, maintenant, c&rsquo;\u00e9tait mon tour d&rsquo;avoir peur\u00a0\u00bb, a-t-elle expliqu\u00e9 sur Instagram.\u00a0Quant au principal int\u00e9ress\u00e9, il a \u00e9t\u00e9 arr\u00eat\u00e9.<\/p>\n","protected":false},"excerpt":{"rendered":"Elodie Poux \u00a9\u00a0Berzane Nasser\/ABACA Plus de peur que de mal.\u00a0Elodie Poux, qui a failli recevoir un colis pi\u00e9g\u00e9,&hellip;\n","protected":false},"author":2,"featured_media":468611,"comment_status":"","ping_status":"","sticky":false,"template":"","format":"standard","meta":{"footnotes":""},"categories":[1359],"tags":[59235,51761,58,59,52292,1011,27,51766,1031,973],"class_list":{"0":"post-468610","1":"post","2":"type-post","3":"status-publish","4":"format-standard","5":"has-post-thumbnail","7":"category-people","8":"tag-cms-journaldesfemmes-3244462","9":"tag-controller-content","10":"tag-divertissement","11":"tag-entertainment","12":"tag-format-reportage","13":"tag-fr","14":"tag-france","15":"tag-les-histoires-du-jdf","16":"tag-magazine","17":"tag-people"},"share_on_mastodon":{"url":"https:\/\/pubeurope.com\/@fr\/115386511152643776","error":""},"_links":{"self":[{"href":"https:\/\/www.europesays.com\/fr\/wp-json\/wp\/v2\/posts\/468610","targetHints":{"allow":["GET"]}}],"collection":[{"href":"https:\/\/www.europesays.com\/fr\/wp-json\/wp\/v2\/posts"}],"about":[{"href":"https:\/\/www.europesays.com\/fr\/wp-json\/wp\/v2\/types\/post"}],"author":[{"embeddable":true,"href":"https:\/\/www.europesays.com\/fr\/wp-json\/wp\/v2\/users\/2"}],"replies":[{"embeddable":true,"href":"https:\/\/www.europesays.com\/fr\/wp-json\/wp\/v2\/comments?post=468610"}],"version-history":[{"count":0,"href":"https:\/\/www.europesays.com\/fr\/wp-json\/wp\/v2\/posts\/468610\/revisions"}],"wp:featuredmedia":[{"embeddable":true,"href":"https:\/\/www.europesays.com\/fr\/wp-json\/wp\/v2\/media\/468611"}],"wp:attachment":[{"href":"https:\/\/www.europesays.com\/fr\/wp-json\/wp\/v2\/media?parent=468610"}],"wp:term":[{"taxonomy":"category","embeddable":true,"href":"https:\/\/www.europesays.com\/fr\/wp-json\/wp\/v2\/categories?post=468610"},{"taxonomy":"post_tag","embeddable":true,"href":"https:\/\/www.europesays.com\/fr\/wp-json\/wp\/v2\/tags?post=468610"}],"curies":[{"name":"wp","href":"https:\/\/api.w.org\/{rel}","templated":true}]}}