{"id":468636,"date":"2025-10-16T23:58:12","date_gmt":"2025-10-16T23:58:12","guid":{"rendered":"https:\/\/www.europesays.com\/fr\/468636\/"},"modified":"2025-10-16T23:58:12","modified_gmt":"2025-10-16T23:58:12","slug":"les-renseignements-le-savaient-a-gaza-limbroglio-sur-les-otages-va-t-il-mener-a-une-reprise-de-la-guerre","status":"publish","type":"post","link":"https:\/\/www.europesays.com\/fr\/468636\/","title":{"rendered":"\u00ab\u00a0Les renseignements le savaient\u00a0\u00bb\u00a0: \u00e0 Gaza, l\u2019imbroglio sur les otages va-t-il mener \u00e0 une reprise de la guerre\u00a0?"},"content":{"rendered":"<p class=\"paragraph text_align_left lp-f-body-02\">Les SUV blancs de la Croix-Rouge se faufilent entre les ruines de la bande de Gaza, en direction du nord de l\u2019enclave. Ils sont trop peu nombreux, aux yeux de l\u2019\u00c9tat h\u00e9breu. Mercredi soir, <a href=\"https:\/\/www.leparisien.fr\/international\/israel\/gaza-larmee-israelienne-dit-que-la-croix-rouge-est-en-route-pour-recuperer-plusieurs-depouilles-dotages-15-10-2025-QB2WUEGAPZCXDI5BK3W7DK7DR4.php\" target=\"_blank\" rel=\"noreferrer noopener\">le Hamas n\u2019a remis que deux nouvelles d\u00e9pouilles d\u2019otages \u00e0 Tsahal<\/a>. Le groupe terroriste palestinien avait, compte tenu de l\u2019accord de paix sign\u00e9 avec Isra\u00ebl, jusqu\u2019\u00e0 lundi midi pour en remettre vingt-huit. Les deux-tiers manquent \u00e0 l\u2019appel.<\/p>\n<p class=\"paragraph text_align_left lp-f-body-02\">Dix-neuf corps de d\u00e9tenus restent \u00e9parpill\u00e9s dans la bande de Gaza. <a href=\"https:\/\/www.leparisien.fr\/international\/israel\/certains-seront-difficiles-voire-impossible-a-localiser-en-israel-la-restitution-incertaine-des-corps-des-otages-11-10-2025-DU7FZNXSPJHPHAHXJLOPDSBH5M.php\" target=\"_blank\" rel=\"noreferrer noopener\">Le Hamas jure faire son maximum pour tenter de les retrouver.<\/a> Le mouvement a d\u2019ailleurs indiqu\u00e9 \u00e0 des hauts responsables am\u00e9ricains qu\u2019il \u00ab entend honorer l\u2019accord \u00bb, mais estime que \u00ab des efforts consid\u00e9rables et un \u00e9quipement sp\u00e9cial \u00bb sont n\u00e9cessaires pour mettre la main dessus.<\/p>\n","protected":false},"excerpt":{"rendered":"Les SUV blancs de la Croix-Rouge se faufilent entre les ruines de la bande de Gaza, en direction&hellip;\n","protected":false},"author":2,"featured_media":468637,"comment_status":"","ping_status":"","sticky":false,"template":"","format":"standard","meta":{"footnotes":""},"categories":[2],"tags":[11,1011,27,14,664,12],"class_list":{"0":"post-468636","1":"post","2":"type-post","3":"status-publish","4":"format-standard","5":"has-post-thumbnail","7":"category-actualites","8":"tag-actualites","9":"tag-fr","10":"tag-france","11":"tag-international","12":"tag-israel","13":"tag-news"},"share_on_mastodon":{"url":"https:\/\/pubeurope.com\/@fr\/115386561931913395","error":""},"_links":{"self":[{"href":"https:\/\/www.europesays.com\/fr\/wp-json\/wp\/v2\/posts\/468636","targetHints":{"allow":["GET"]}}],"collection":[{"href":"https:\/\/www.europesays.com\/fr\/wp-json\/wp\/v2\/posts"}],"about":[{"href":"https:\/\/www.europesays.com\/fr\/wp-json\/wp\/v2\/types\/post"}],"author":[{"embeddable":true,"href":"https:\/\/www.europesays.com\/fr\/wp-json\/wp\/v2\/users\/2"}],"replies":[{"embeddable":true,"href":"https:\/\/www.europesays.com\/fr\/wp-json\/wp\/v2\/comments?post=468636"}],"version-history":[{"count":0,"href":"https:\/\/www.europesays.com\/fr\/wp-json\/wp\/v2\/posts\/468636\/revisions"}],"wp:featuredmedia":[{"embeddable":true,"href":"https:\/\/www.europesays.com\/fr\/wp-json\/wp\/v2\/media\/468637"}],"wp:attachment":[{"href":"https:\/\/www.europesays.com\/fr\/wp-json\/wp\/v2\/media?parent=468636"}],"wp:term":[{"taxonomy":"category","embeddable":true,"href":"https:\/\/www.europesays.com\/fr\/wp-json\/wp\/v2\/categories?post=468636"},{"taxonomy":"post_tag","embeddable":true,"href":"https:\/\/www.europesays.com\/fr\/wp-json\/wp\/v2\/tags?post=468636"}],"curies":[{"name":"wp","href":"https:\/\/api.w.org\/{rel}","templated":true}]}}