{"id":468663,"date":"2025-10-17T00:13:18","date_gmt":"2025-10-17T00:13:18","guid":{"rendered":"https:\/\/www.europesays.com\/fr\/468663\/"},"modified":"2025-10-17T00:13:18","modified_gmt":"2025-10-17T00:13:18","slug":"on-defendra-un-systeme-par-points","status":"publish","type":"post","link":"https:\/\/www.europesays.com\/fr\/468663\/","title":{"rendered":"On d\u00e9fendra un syst\u00e8me par points"},"content":{"rendered":"<p>            Par<br \/>\n        <strong><br \/>\n            <a href=\"https:\/\/actu.fr\/auteur\/thomas-blanc\" title=\"Consulter tous les articles de Thomas Blanc\" target=\"_blank\" rel=\"noopener\">Thomas Blanc<\/a><br \/>\n        <\/strong><\/p>\n<p>        Publi\u00e9 le<\/p>\n<p>            16 oct. 2025 \u00e0 19h18        <\/p>\n<p>En d\u00e9placement dans toute l\u2019Alsace en cette fin de semaine, <a href=\"https:\/\/actu.fr\/tag\/gabriel-attal\" target=\"_blank\" rel=\"noopener\">Gabriel Attal<\/a> a pris le temps de venir d\u00e9ambuler en plein centre-ville de <a href=\"https:\/\/actu.fr\/strasbourg\/\" target=\"_blank\" rel=\"noopener\">Strasbourg<\/a> ce jeudi 16\u00a0octobre pour <strong>rencontrer les habitants et les commer\u00e7ants de la ville<\/strong>. Il en a \u00e9galement profit\u00e9 pour faire un point sur <strong>la suspension de la <a href=\"https:\/\/actu.fr\/tag\/reforme-des-retraites\" target=\"_blank\" rel=\"noopener\">r\u00e9forme des retraites<\/a><\/strong>.<\/p>\n<p>Pour Gabriel Attal, en d\u00e9placement \u00e0 Strasbourg, \u00ab\u2009la messe est dite\u2009\u00bb pour la r\u00e9forme des retraites<\/p>\n<p class=\" wall-content\">Apr\u00e8s avoir d\u00e9ambul\u00e9 dans la Grand\u2019Rue o\u00f9 il est rest\u00e9 pr\u00e8s d\u2019une heure, l\u2019ex-premier ministre d\u2019Emmanuel Macron, Gabriel Attal, a fait le point sur<strong> la crise politique que traverse le pays<\/strong>. Il a notamment pris la parole \u00e0 propos de <a href=\"https:\/\/actu.fr\/politique\/direct-budget-retraites-49-3-suivez-le-discours-de-politique-generale-de-sebastien-lecornu-a-l-assemblee_63296203.html\" target=\"_blank\" rel=\"noopener\">la suspension de la r\u00e9forme des retraites<\/a> puisque le gouvernement Lecornu II, <a href=\"https:\/\/actu.fr\/politique\/rejetee-a-18-voix-pres-decouvrez-si-votre-depute-a-vote-pour-la-motion-de-censure-de-lfi_63307523.html\" target=\"_blank\" rel=\"noopener\">qui a r\u00e9ussi ce jeudi matin \u00e0 \u00e9viter la censure<\/a>, compte la suspendre.<\/p>\n<p class=\" wall-content\">\u00ab\u2009<strong>La messe est dite concernant l\u2019abrogation<\/strong> de la r\u00e9forme des retraites car quand vous prenez les groupes parlementaires qui sont favorables \u00e0 revenir sur cette r\u00e9forme <strong>ils ont une majorit\u00e9 absolue<\/strong>\u2009\u00bb, a expliqu\u00e9 le d\u00e9put\u00e9 des Hauts-de-Seine entour\u00e9 de Fabienne Keller, maire de Strasbourg de 2001 \u00e0 2008.<\/p>\n<blockquote class=\"tiktok-embed\" cite=\"https:\/\/www.tiktok.com\/@lorraine.actu\/video\/7561861921603882262\" data-video-id=\"7561861921603882262\" data-embed-from=\"oembed\" style=\"max-width:605px; min-width:325px;\"><p>\n<a target=\"_blank\" title=\"@lorraine.actu\" href=\"https:\/\/www.tiktok.com\/@lorraine.actu?refer=embed\" rel=\"noopener\">@lorraine.actu<\/a> <\/p>\n<p>En d\u00e9placement dans toute l\u2019Alsace en cette fin de semaine, Gabriel Attal a pris le temps de venir d\u00e9ambuler en plein centre-ville de Strasbourg ce jeudi 16 octobre pour venir montrer aux habitants son soutien \u00e0 Pierre Jakubowicz, candidat du centre pour les \u00e9lections municipales. Le secr\u00e9taire g\u00e9n\u00e9ral du parti Renaissance est all\u00e9 \u00e0 la rencontre des Strasbourgeois, surtout des commer\u00e7ants durant une heure.  C\u2019est en compagnie de Pierre Jakubowicz donc mais aussi de Fabienne Keller, maire de Strasbourg de 2001 \u00e0 2008, que Gabriel Attal a entrepris sa \u00ab\u00a0d\u00e9ambulation dans les rues de la ville\u00a0\u00bb.   R\u00e9guli\u00e8rement arr\u00eat\u00e9 pour prendre des selfies avec les passants, avec lesquels il a toujours \u00e9chang\u00e9 quelques mots, l\u2019ancien premier ministre a surtout pris le temps d\u2019entrer dans plusieurs commerces de la Grand\u2019Rue, en plein centre-ville.  Avec eux, il a surtout \u00e9chang\u00e9 sur la s\u00e9curit\u00e9, \u00ab\u00a0vous subissez les probl\u00e8mes de d\u00e9linquances ?\u00a0\u00bb, demande Gabriel Attal \u00e0 la g\u00e9rante du salon de th\u00e9 \u00ab\u00a0Au fond de la th\u00e9i\u00e8re\u00a0\u00bb, au d\u00e9but de la rue. La commer\u00e7ante lui fait alors part des personnes alcoolis\u00e9es devant sa boutique qu\u2019elle doit d\u00e9loger elle-m\u00eame. Cette d\u00e9ambulation n\u2019\u00e9tait que l\u2019\u00e9pisode un du passage du d\u00e9put\u00e9 des Hauts-de-Seine en Alsace. Apr\u00e8s avoir rencontr\u00e9 le corps interm\u00e9diaires strasbourgeois dans l\u2019apr\u00e8s-midi, il filera \u00e0 Erstein (Bas-Rhin) pour une r\u00e9union publique en compagnie du d\u00e9put\u00e9 Renaissance local, Charles Sitzensthul.<\/p>\n<p> <a target=\"_blank\" title=\"\u266c son original - Lorraine Actu\" href=\"https:\/\/www.tiktok.com\/music\/son-original-7561861917288041238?refer=embed\" rel=\"noopener\">\u266c son original \u2013 Lorraine Actu<\/a> <\/p>\n<\/blockquote>\n<p>Renaissance d\u00e9fendra un nouveau syst\u00e8me de retraite<\/p>\n<p class=\" wall-content\">Il a ensuite poursuivi en expliquant qu\u2019il ne pensait pas \u00ab\u2009que ce soit une bonne nouvelle, mais <strong>le premier ministre fait ce qu\u2019il peut<\/strong> pour permettre d\u2019avoir un budget\u2009\u00bb.<\/p>\n<p class=\" wall-content\">Le secr\u00e9taire g\u00e9n\u00e9ral du parti Renaissance a finalement pr\u00e9sent\u00e9 sa vision sur ce sujet\u2009: \u00ab\u2009Renaissance d\u00e9fendra dans les d\u00e9bats un <strong>syst\u00e8me par points, universel, libre sans \u00e2ge l\u00e9gal de d\u00e9part<\/strong> mais seulement une dur\u00e9e de cotisation et avec de la capitalisation ouverte \u00e0 tous\u2009\u00bb.<\/p>\n<p class=\" wall-content\">\u00ab\u2009On voit que les r\u00e9formes param\u00e9triques tous les 2 ou 3\u00a0ans ne r\u00e8glent pas le probl\u00e8me et que<strong> notre pays est en train de mourir<\/strong>\u2009\u00bb, a conclu Gabriel Attal.<\/p>\n<p class=\" wall-content\">Personnalisez votre actualit\u00e9 en ajoutant vos villes et m\u00e9dias en favori avec <a href=\"https:\/\/moncompte.actu.fr\" title=\"D\u00e9couvez Mon Actu\" rel=\"nofollow noopener\" data-trk=\"{&quot;cta&quot;:{&quot;action&quot;:&quot;https:\\\/\\\/moncompte.actu.fr&quot;,&quot;category&quot;:&quot;mon compte&quot;,&quot;from&quot;:&quot;article footer&quot;,&quot;name&quot;:&quot;Mon actu&quot;,&quot;type&quot;:&quot;cta&quot;}}\" target=\"_blank\">Mon Actu<\/a>.<\/p>\n<p>                    <script async src=\"\/\/www.tiktok.com\/embed.js\"><\/script><\/p>\n","protected":false},"excerpt":{"rendered":"Par Thomas Blanc Publi\u00e9 le 16 oct. 2025 \u00e0 19h18 En d\u00e9placement dans toute l\u2019Alsace en cette fin&hellip;\n","protected":false},"author":2,"featured_media":468664,"comment_status":"","ping_status":"","sticky":false,"template":"","format":"standard","meta":{"footnotes":""},"categories":[2820],"tags":[1111,11,4188,1777,674,1011,27,4410,775,12,316,11036,25,137,640],"class_list":{"0":"post-468663","1":"post","2":"type-post","3":"status-publish","4":"format-standard","5":"has-post-thumbnail","7":"category-strasbourg","8":"tag-actu","9":"tag-actualites","10":"tag-elections-municipales","11":"tag-eu","12":"tag-europe","13":"tag-fr","14":"tag-france","15":"tag-gabriel-attal","16":"tag-grand-est","17":"tag-news","18":"tag-politique","19":"tag-reforme-des-retraites","20":"tag-republique-francaise","21":"tag-retraite","22":"tag-strasbourg"},"share_on_mastodon":{"url":"https:\/\/pubeurope.com\/@fr\/115386620628640160","error":""},"_links":{"self":[{"href":"https:\/\/www.europesays.com\/fr\/wp-json\/wp\/v2\/posts\/468663","targetHints":{"allow":["GET"]}}],"collection":[{"href":"https:\/\/www.europesays.com\/fr\/wp-json\/wp\/v2\/posts"}],"about":[{"href":"https:\/\/www.europesays.com\/fr\/wp-json\/wp\/v2\/types\/post"}],"author":[{"embeddable":true,"href":"https:\/\/www.europesays.com\/fr\/wp-json\/wp\/v2\/users\/2"}],"replies":[{"embeddable":true,"href":"https:\/\/www.europesays.com\/fr\/wp-json\/wp\/v2\/comments?post=468663"}],"version-history":[{"count":0,"href":"https:\/\/www.europesays.com\/fr\/wp-json\/wp\/v2\/posts\/468663\/revisions"}],"wp:featuredmedia":[{"embeddable":true,"href":"https:\/\/www.europesays.com\/fr\/wp-json\/wp\/v2\/media\/468664"}],"wp:attachment":[{"href":"https:\/\/www.europesays.com\/fr\/wp-json\/wp\/v2\/media?parent=468663"}],"wp:term":[{"taxonomy":"category","embeddable":true,"href":"https:\/\/www.europesays.com\/fr\/wp-json\/wp\/v2\/categories?post=468663"},{"taxonomy":"post_tag","embeddable":true,"href":"https:\/\/www.europesays.com\/fr\/wp-json\/wp\/v2\/tags?post=468663"}],"curies":[{"name":"wp","href":"https:\/\/api.w.org\/{rel}","templated":true}]}}