{"id":468669,"date":"2025-10-17T00:16:12","date_gmt":"2025-10-17T00:16:12","guid":{"rendered":"https:\/\/www.europesays.com\/fr\/468669\/"},"modified":"2025-10-17T00:16:12","modified_gmt":"2025-10-17T00:16:12","slug":"previsions-du-vendredi-17-octobre-2025-2","status":"publish","type":"post","link":"https:\/\/www.europesays.com\/fr\/468669\/","title":{"rendered":"pr\u00e9visions du vendredi 17 octobre 2025"},"content":{"rendered":"<p class=\"mb-4 text-lg md:leading-8 break-words\"><strong>M\u00e9t\u00e9o &#8211; La grisaille ne se disperse toujours pas, il y aura encore des nuages aujourd&rsquo;hui. Des pluies \u00e9parses sont pr\u00e9vues. Les temp\u00e9ratures seront de 17\u00b0C la matin\u00e9e et de 18\u00b0C l&rsquo;apr\u00e8s-midi&#8230;<\/strong><\/p>\n<p class=\"mb-4 text-lg md:leading-8 break-words\">Aujourd&rsquo;hui, \u00e0 Nice, des nuages ne voudront pas c\u00e9der leur place au soleil. Des pluies \u00e9parses tomberont. On pr\u00e9voit des temp\u00e9ratures avoisinant 18\u00b0C. Les valeurs seront de 16\u00b0C au plus bas et de 19\u00b0C au plus haut la matin\u00e9e. Un vent de sud-ouest soufflera un peu, avec 5 km\/h. L&rsquo;apr\u00e8s-midi, encore des nuages dans le ciel qui emp\u00eachent le soleil de faire son apparition. Les temp\u00e9ratures afficheront entre 17 et 18\u00b0C. On annonce des \u00e9claircies pour cette soir\u00e9e. Les valeurs tourneront autour des 17\u00b0C. Le passage de vendredi \u00e0 samedi se fera sous un ciel clair.<\/p>\n<p class=\"mb-4 text-lg md:leading-8 break-words\">Toujours de la grisaille demain. Les nuages vont s&rsquo;attarder sur Nice. Le mercure va descendre de quelques degr\u00e9s. Les temp\u00e9ratures s&rsquo;\u00e9chelonneront entre 14 et 18\u00b0C. La matin\u00e9e va rester maussade \u00e0 cause de nuages qui perdurent dans le ciel. Mauvais temps : on pr\u00e9voit des pluies \u00e9parses. Il va faire 17\u00b0C en moyenne. Un vent de nord rafra\u00eechira quelque peu l&rsquo;atmosph\u00e8re. L&rsquo;apr\u00e8s-midi qui s&rsquo;annonce, promet d&rsquo;\u00eatre superbe et ensoleill\u00e9 ! Les valeurs seront comprises entre 16\u00b0C et 18\u00b0C. Apr\u00e8s un bref \u00e9pisode nuageux, le ciel va s&rsquo;\u00e9claircir dans la soir\u00e9e. Le thermom\u00e8tre affichera 16\u00b0C en moyenne. Un modeste vent de nord sera ressenti par les habitants.<\/p>\n<p class=\"mb-4 text-lg md:leading-8 break-words\">La m\u00e9t\u00e9o sera relativement mitig\u00e9e les jours suivants. Une d\u00e9gradation est pr\u00e9vue lundi, tandis que la journ\u00e9e de dimanche aura \u00e9t\u00e9 ensoleill\u00e9e.<\/p>\n<p class=\"mb-4 text-lg md:leading-8 break-words\"><a href=\"https:\/\/www.20minutes.fr\/planete\/previsions-meteo\/4179880-20251017-meteo-nice-previsions-vendredi-17-octobre-2025?at_medium=RSS%20feed&amp;at_campaign=ynews&amp;utm_source=yahoo&amp;utm_medium=rss&amp;utm_campaign=news_feed&amp;utm_content=read_more_link&quot;\" rel=\"nofollow noopener\" target=\"_blank\" data-ylk=\"slk:Lire la suite sur 20minutes;elm:context_link;itc:0;sec:content-canvas\" class=\"link \">Lire la suite sur 20minutes<\/a><\/p>\n","protected":false},"excerpt":{"rendered":"M\u00e9t\u00e9o &#8211; La grisaille ne se disperse toujours pas, il y aura encore des nuages aujourd&rsquo;hui. Des pluies&hellip;\n","protected":false},"author":2,"featured_media":468670,"comment_status":"","ping_status":"","sticky":false,"template":"","format":"standard","meta":{"footnotes":""},"categories":[2819],"tags":[1111,11,1777,674,1011,27,51394,12,2401,59237,882,25],"class_list":{"0":"post-468669","1":"post","2":"type-post","3":"status-publish","4":"format-standard","5":"has-post-thumbnail","7":"category-nice","8":"tag-actu","9":"tag-actualites","10":"tag-eu","11":"tag-europe","12":"tag-fr","13":"tag-france","14":"tag-la-matinee","15":"tag-news","16":"tag-nice","17":"tag-place-au-soleil","18":"tag-provence-alpes-cote-dazur","19":"tag-republique-francaise"},"share_on_mastodon":{"url":"https:\/\/pubeurope.com\/@fr\/115386632398857759","error":""},"_links":{"self":[{"href":"https:\/\/www.europesays.com\/fr\/wp-json\/wp\/v2\/posts\/468669","targetHints":{"allow":["GET"]}}],"collection":[{"href":"https:\/\/www.europesays.com\/fr\/wp-json\/wp\/v2\/posts"}],"about":[{"href":"https:\/\/www.europesays.com\/fr\/wp-json\/wp\/v2\/types\/post"}],"author":[{"embeddable":true,"href":"https:\/\/www.europesays.com\/fr\/wp-json\/wp\/v2\/users\/2"}],"replies":[{"embeddable":true,"href":"https:\/\/www.europesays.com\/fr\/wp-json\/wp\/v2\/comments?post=468669"}],"version-history":[{"count":0,"href":"https:\/\/www.europesays.com\/fr\/wp-json\/wp\/v2\/posts\/468669\/revisions"}],"wp:featuredmedia":[{"embeddable":true,"href":"https:\/\/www.europesays.com\/fr\/wp-json\/wp\/v2\/media\/468670"}],"wp:attachment":[{"href":"https:\/\/www.europesays.com\/fr\/wp-json\/wp\/v2\/media?parent=468669"}],"wp:term":[{"taxonomy":"category","embeddable":true,"href":"https:\/\/www.europesays.com\/fr\/wp-json\/wp\/v2\/categories?post=468669"},{"taxonomy":"post_tag","embeddable":true,"href":"https:\/\/www.europesays.com\/fr\/wp-json\/wp\/v2\/tags?post=468669"}],"curies":[{"name":"wp","href":"https:\/\/api.w.org\/{rel}","templated":true}]}}