{"id":468677,"date":"2025-10-17T00:20:13","date_gmt":"2025-10-17T00:20:13","guid":{"rendered":"https:\/\/www.europesays.com\/fr\/468677\/"},"modified":"2025-10-17T00:20:13","modified_gmt":"2025-10-17T00:20:13","slug":"previsions-du-vendredi-17-octobre-2025-4","status":"publish","type":"post","link":"https:\/\/www.europesays.com\/fr\/468677\/","title":{"rendered":"pr\u00e9visions du vendredi 17 octobre 2025"},"content":{"rendered":"<p class=\"mb-4 text-lg md:leading-8 break-words\"><strong>M\u00e9t\u00e9o &#8211; Cette journ\u00e9e sera synonyme de beau soleil. Les temp\u00e9ratures seront de 15\u00b0C la matin\u00e9e et de 22\u00b0C l&rsquo;apr\u00e8s-midi&#8230;<\/strong><\/p>\n<p class=\"mb-4 text-lg md:leading-8 break-words\">Le soleil sera au rendez-vous \u00e0 Bordeaux : une magnifique journ\u00e9e se pr\u00e9sente ! Les temp\u00e9ratures seront comprises entre 9 et 23\u00b0C. Un l\u00e9ger vent d&rsquo;est soufflera au cours de la matin\u00e9e. Une m\u00e9t\u00e9o plus chaude est pr\u00e9vue l&rsquo;apr\u00e8s-midi \u00e9tant donn\u00e9 que le mercure va conna\u00eetre une hausse. Les valeurs s&rsquo;\u00e9chelonneront entre 18 et 23\u00b0C. Des \u00e9claircies sont attendues : on passera une soir\u00e9e agr\u00e9able. Les temp\u00e9ratures tourneront autour des 15\u00b0C. Une nuit claire vous attendra entre vendredi et samedi.<\/p>\n<p class=\"mb-4 text-lg md:leading-8 break-words\">C&rsquo;est un soleil radieux qui va se montrer demain sur Bordeaux. L&rsquo;air ambiant va se r\u00e9chauffer avec une augmentation de quelques degr\u00e9s. Les valeurs afficheront entre 10 et 25\u00b0C. Un vent de sud-est rafra\u00eechira sensiblement l&rsquo;atmosph\u00e8re. Dans la matin\u00e9e, les temp\u00e9ratures tourneront autour des 16\u00b0C. Demain apr\u00e8s-midi, c&rsquo;est une hausse de plusieurs degr\u00e9s que vont enregistrer les temp\u00e9ratures. Les maximales pourront atteindre 25\u00b0C tandis que les minimales seront de 20\u00b0C. Le ciel sera relativement lumineux, avec quelques \u00e9claircies demain soir. On pr\u00e9voit des temp\u00e9ratures avoisinant 17\u00b0C.<\/p>\n<p class=\"mb-4 text-lg md:leading-8 break-words\">Dimanche, la m\u00e9t\u00e9o sera nuageuse alors qu&rsquo;une d\u00e9gradation est attendue lundi.<\/p>\n<p class=\"mb-4 text-lg md:leading-8 break-words\"><a href=\"https:\/\/www.20minutes.fr\/planete\/previsions-meteo\/4179875-20251017-meteo-bordeaux-previsions-vendredi-17-octobre-2025?at_medium=RSS%20feed&amp;at_campaign=ynews&amp;utm_source=yahoo&amp;utm_medium=rss&amp;utm_campaign=news_feed&amp;utm_content=read_more_link&quot;\" rel=\"nofollow noopener\" target=\"_blank\" data-ylk=\"slk:Lire la suite sur 20minutes;elm:context_link;itc:0;sec:content-canvas\" class=\"link \">Lire la suite sur 20minutes<\/a><\/p>\n","protected":false},"excerpt":{"rendered":"M\u00e9t\u00e9o &#8211; Cette journ\u00e9e sera synonyme de beau soleil. Les temp\u00e9ratures seront de 15\u00b0C la matin\u00e9e et de&hellip;\n","protected":false},"author":2,"featured_media":468678,"comment_status":"","ping_status":"","sticky":false,"template":"","format":"standard","meta":{"footnotes":""},"categories":[2817],"tags":[1111,11,1997,1777,674,1011,27,51394,2487,12,2219,25],"class_list":{"0":"post-468677","1":"post","2":"type-post","3":"status-publish","4":"format-standard","5":"has-post-thumbnail","7":"category-bordeaux","8":"tag-actu","9":"tag-actualites","10":"tag-bordeaux","11":"tag-eu","12":"tag-europe","13":"tag-fr","14":"tag-france","15":"tag-la-matinee","16":"tag-meteo","17":"tag-news","18":"tag-nouvelle-aquitaine","19":"tag-republique-francaise"},"share_on_mastodon":{"url":"https:\/\/pubeurope.com\/@fr\/115386648053209809","error":""},"_links":{"self":[{"href":"https:\/\/www.europesays.com\/fr\/wp-json\/wp\/v2\/posts\/468677","targetHints":{"allow":["GET"]}}],"collection":[{"href":"https:\/\/www.europesays.com\/fr\/wp-json\/wp\/v2\/posts"}],"about":[{"href":"https:\/\/www.europesays.com\/fr\/wp-json\/wp\/v2\/types\/post"}],"author":[{"embeddable":true,"href":"https:\/\/www.europesays.com\/fr\/wp-json\/wp\/v2\/users\/2"}],"replies":[{"embeddable":true,"href":"https:\/\/www.europesays.com\/fr\/wp-json\/wp\/v2\/comments?post=468677"}],"version-history":[{"count":0,"href":"https:\/\/www.europesays.com\/fr\/wp-json\/wp\/v2\/posts\/468677\/revisions"}],"wp:featuredmedia":[{"embeddable":true,"href":"https:\/\/www.europesays.com\/fr\/wp-json\/wp\/v2\/media\/468678"}],"wp:attachment":[{"href":"https:\/\/www.europesays.com\/fr\/wp-json\/wp\/v2\/media?parent=468677"}],"wp:term":[{"taxonomy":"category","embeddable":true,"href":"https:\/\/www.europesays.com\/fr\/wp-json\/wp\/v2\/categories?post=468677"},{"taxonomy":"post_tag","embeddable":true,"href":"https:\/\/www.europesays.com\/fr\/wp-json\/wp\/v2\/tags?post=468677"}],"curies":[{"name":"wp","href":"https:\/\/api.w.org\/{rel}","templated":true}]}}