{"id":468681,"date":"2025-10-17T00:22:12","date_gmt":"2025-10-17T00:22:12","guid":{"rendered":"https:\/\/www.europesays.com\/fr\/468681\/"},"modified":"2025-10-17T00:22:12","modified_gmt":"2025-10-17T00:22:12","slug":"previsions-du-vendredi-17-octobre-2025-5","status":"publish","type":"post","link":"https:\/\/www.europesays.com\/fr\/468681\/","title":{"rendered":"pr\u00e9visions du vendredi 17 octobre 2025"},"content":{"rendered":"<p class=\"mb-4 text-lg md:leading-8 break-words\"><strong>M\u00e9t\u00e9o &#8211; Un splendide soleil va briller et ce, tout au long de la journ\u00e9e. Les temp\u00e9ratures seront de 16\u00b0C le matin et de 22\u00b0C l&rsquo;apr\u00e8s-midi&#8230;<\/strong><\/p>\n<p class=\"mb-4 text-lg md:leading-8 break-words\">C&rsquo;est une magnifique journ\u00e9e dont va profiter Toulouse, o\u00f9 le soleil va briller intens\u00e9ment. Le mercure affichera 17\u00b0C en moyenne. Le matin, un petit vent de sud-est sera ressenti par les habitants. Un temps plus chaud est attendu l&rsquo;apr\u00e8s-midi puisque les temp\u00e9ratures vont enregistrer une augmentation. Les valeurs afficheront entre 19 et 23\u00b0C. On annonce des \u00e9claircies pour cette soir\u00e9e. C&rsquo;est un ciel limpide que conna\u00eetra la nuit de vendredi \u00e0 samedi.<\/p>\n<p class=\"mb-4 text-lg md:leading-8 break-words\">Demain, un grand soleil rayonnera sur Toulouse. C&rsquo;est une hausse de quelques degr\u00e9s que vont conna\u00eetre les temp\u00e9ratures. Il va faire 18\u00b0C en moyenne. Un vent de sud-est rafra\u00eechira quelque peu l&rsquo;atmosph\u00e8re. Les temp\u00e9ratures vont monter pendant l&rsquo;apr\u00e8s-midi de plusieurs degr\u00e9s. Les valeurs seront comprises entre 19 et 24\u00b0C. Demain soir, le vent va peu \u00e0 peu chasser la grisaille. Il fera environ 16\u00b0C.<\/p>\n<p class=\"mb-4 text-lg md:leading-8 break-words\">Les conditions m\u00e9t\u00e9orologiques des jours qui suivent vont \u00e9voluer progressivement. La m\u00e9t\u00e9o persistera dimanche mais une d\u00e9gradation s&rsquo;ensuivra lundi.<\/p>\n<p class=\"mb-4 text-lg md:leading-8 break-words\"><a href=\"https:\/\/www.20minutes.fr\/planete\/previsions-meteo\/4179872-20251017-meteo-toulouse-previsions-vendredi-17-octobre-2025?at_medium=RSS%20feed&amp;at_campaign=ynews&amp;utm_source=yahoo&amp;utm_medium=rss&amp;utm_campaign=news_feed&amp;utm_content=read_more_link&quot;\" rel=\"nofollow noopener\" target=\"_blank\" data-ylk=\"slk:Lire la suite sur 20minutes;elm:context_link;itc:0;sec:content-canvas\" class=\"link \">Lire la suite sur 20minutes<\/a><\/p>\n","protected":false},"excerpt":{"rendered":"M\u00e9t\u00e9o &#8211; Un splendide soleil va briller et ce, tout au long de la journ\u00e9e. Les temp\u00e9ratures seront&hellip;\n","protected":false},"author":2,"featured_media":468682,"comment_status":"","ping_status":"","sticky":false,"template":"","format":"standard","meta":{"footnotes":""},"categories":[2816],"tags":[1111,11,1777,674,1011,27,44166,12,2680,25,2312],"class_list":{"0":"post-468681","1":"post","2":"type-post","3":"status-publish","4":"format-standard","5":"has-post-thumbnail","7":"category-toulouse","8":"tag-actu","9":"tag-actualites","10":"tag-eu","11":"tag-europe","12":"tag-fr","13":"tag-france","14":"tag-le-matin","15":"tag-news","16":"tag-occitanie","17":"tag-republique-francaise","18":"tag-toulouse"},"share_on_mastodon":{"url":"https:\/\/pubeurope.com\/@fr\/115386656211855936","error":""},"_links":{"self":[{"href":"https:\/\/www.europesays.com\/fr\/wp-json\/wp\/v2\/posts\/468681","targetHints":{"allow":["GET"]}}],"collection":[{"href":"https:\/\/www.europesays.com\/fr\/wp-json\/wp\/v2\/posts"}],"about":[{"href":"https:\/\/www.europesays.com\/fr\/wp-json\/wp\/v2\/types\/post"}],"author":[{"embeddable":true,"href":"https:\/\/www.europesays.com\/fr\/wp-json\/wp\/v2\/users\/2"}],"replies":[{"embeddable":true,"href":"https:\/\/www.europesays.com\/fr\/wp-json\/wp\/v2\/comments?post=468681"}],"version-history":[{"count":0,"href":"https:\/\/www.europesays.com\/fr\/wp-json\/wp\/v2\/posts\/468681\/revisions"}],"wp:featuredmedia":[{"embeddable":true,"href":"https:\/\/www.europesays.com\/fr\/wp-json\/wp\/v2\/media\/468682"}],"wp:attachment":[{"href":"https:\/\/www.europesays.com\/fr\/wp-json\/wp\/v2\/media?parent=468681"}],"wp:term":[{"taxonomy":"category","embeddable":true,"href":"https:\/\/www.europesays.com\/fr\/wp-json\/wp\/v2\/categories?post=468681"},{"taxonomy":"post_tag","embeddable":true,"href":"https:\/\/www.europesays.com\/fr\/wp-json\/wp\/v2\/tags?post=468681"}],"curies":[{"name":"wp","href":"https:\/\/api.w.org\/{rel}","templated":true}]}}