{"id":468689,"date":"2025-10-17T00:27:21","date_gmt":"2025-10-17T00:27:21","guid":{"rendered":"https:\/\/www.europesays.com\/fr\/468689\/"},"modified":"2025-10-17T00:27:21","modified_gmt":"2025-10-17T00:27:21","slug":"la-police-lance-un-appel-a-temoins-6","status":"publish","type":"post","link":"https:\/\/www.europesays.com\/fr\/468689\/","title":{"rendered":"la police lance un appel \u00e0 t\u00e9moins"},"content":{"rendered":"<p>La police a lanc\u00e9 ce jeudi 16\u00a0octobre un appel \u00e0 t\u00e9moins pour retrouver une jeune fille de 17 ans, dont la disparition est jug\u00e9e inqui\u00e9tante. En fugue depuis le 6\u00a0octobre, Celia Mellah a \u00e9t\u00e9 vue pour la derni\u00e8re fois \u00e0 Villeurbanne et elle est susceptible de se rendre dans le 2e arrondissement de Lyon.<\/p>\n<p>Cette jeune fille, qui mesure 1\u00a0m 61 est de corpulence normale. Elle a les yeux noirs et les cheveux noirs, raides et plus longs que sur la photo. Elle a un piercing sous l\u2019\u0153il gauche et une fleur tatou\u00e9e au dos d\u2019une main. On ignore sa tenue vestimentaire au moment de sa disparition mais elle porte souvent des leggings et des joggings.<\/p>\n","protected":false},"excerpt":{"rendered":"La police a lanc\u00e9 ce jeudi 16\u00a0octobre un appel \u00e0 t\u00e9moins pour retrouver une jeune fille de 17&hellip;\n","protected":false},"author":2,"featured_media":468690,"comment_status":"","ping_status":"","sticky":false,"template":"","format":"standard","meta":{"footnotes":""},"categories":[1889],"tags":[1111,11,2430,3676,2757,1777,674,274,1011,27,2428,12,25,2429,6345,6346],"class_list":{"0":"post-468689","1":"post","2":"type-post","3":"status-publish","4":"format-standard","5":"has-post-thumbnail","7":"category-lyon","8":"tag-actu","9":"tag-actualites","10":"tag-auvergne-rhone-alpes","11":"tag-disparition-inquietante","12":"tag-edition-lyon-villeurbanne","13":"tag-eu","14":"tag-europe","15":"tag-faits-divers-justice","16":"tag-fr","17":"tag-france","18":"tag-lyon","19":"tag-news","20":"tag-republique-francaise","21":"tag-rhone","22":"tag-villeurbanne","23":"tag-villeurbanne-bassin"},"share_on_mastodon":{"url":"https:\/\/pubeurope.com\/@fr\/115386675659124387","error":""},"_links":{"self":[{"href":"https:\/\/www.europesays.com\/fr\/wp-json\/wp\/v2\/posts\/468689","targetHints":{"allow":["GET"]}}],"collection":[{"href":"https:\/\/www.europesays.com\/fr\/wp-json\/wp\/v2\/posts"}],"about":[{"href":"https:\/\/www.europesays.com\/fr\/wp-json\/wp\/v2\/types\/post"}],"author":[{"embeddable":true,"href":"https:\/\/www.europesays.com\/fr\/wp-json\/wp\/v2\/users\/2"}],"replies":[{"embeddable":true,"href":"https:\/\/www.europesays.com\/fr\/wp-json\/wp\/v2\/comments?post=468689"}],"version-history":[{"count":0,"href":"https:\/\/www.europesays.com\/fr\/wp-json\/wp\/v2\/posts\/468689\/revisions"}],"wp:featuredmedia":[{"embeddable":true,"href":"https:\/\/www.europesays.com\/fr\/wp-json\/wp\/v2\/media\/468690"}],"wp:attachment":[{"href":"https:\/\/www.europesays.com\/fr\/wp-json\/wp\/v2\/media?parent=468689"}],"wp:term":[{"taxonomy":"category","embeddable":true,"href":"https:\/\/www.europesays.com\/fr\/wp-json\/wp\/v2\/categories?post=468689"},{"taxonomy":"post_tag","embeddable":true,"href":"https:\/\/www.europesays.com\/fr\/wp-json\/wp\/v2\/tags?post=468689"}],"curies":[{"name":"wp","href":"https:\/\/api.w.org\/{rel}","templated":true}]}}