{"id":468693,"date":"2025-10-17T00:29:11","date_gmt":"2025-10-17T00:29:11","guid":{"rendered":"https:\/\/www.europesays.com\/fr\/468693\/"},"modified":"2025-10-17T00:29:11","modified_gmt":"2025-10-17T00:29:11","slug":"240-millions-deuros-investis-par-lindustrie-francilienne-pour-lenvironnement-en-2022","status":"publish","type":"post","link":"https:\/\/www.europesays.com\/fr\/468693\/","title":{"rendered":"240 millions d&rsquo;euros investis par l&rsquo;industrie francilienne pour l&rsquo;environnement en 2022"},"content":{"rendered":"<p class=\"entry-content-excerpt\">L&rsquo;Insee a d\u00e9voil\u00e9 le 16 octobre une \u00e9tude concernant les mesures environnementales prises par les entreprises industrielles de la r\u00e9gion durant l\u2019ann\u00e9e 2022. Pr\u00e8s de la moiti\u00e9 d\u2019entre elles ont engag\u00e9 des d\u00e9penses destin\u00e9es \u00e0 r\u00e9duire l\u2019impact de leur activit\u00e9 sur l\u2019environnement et \u00e0 favoriser une gestion durable des ressources naturelles. Leurs motivations sont vari\u00e9es.<\/p>\n<p>\u00a0<\/p>\n<p>Ce contenu est disponible <strong>pour les abonn\u00e9s seulement<\/strong><\/p>\n","protected":false},"excerpt":{"rendered":"L&rsquo;Insee a d\u00e9voil\u00e9 le 16 octobre une \u00e9tude concernant les mesures environnementales prises par les entreprises industrielles de&hellip;\n","protected":false},"author":2,"featured_media":468694,"comment_status":"","ping_status":"","sticky":false,"template":"","format":"standard","meta":{"footnotes":""},"categories":[1592],"tags":[1111,11,1777,674,1011,27,662,12,626,25],"class_list":{"0":"post-468693","1":"post","2":"type-post","3":"status-publish","4":"format-standard","5":"has-post-thumbnail","7":"category-ile-de-france","8":"tag-actu","9":"tag-actualites","10":"tag-eu","11":"tag-europe","12":"tag-fr","13":"tag-france","14":"tag-ile-de-france","15":"tag-news","16":"tag-paris","17":"tag-republique-francaise"},"share_on_mastodon":{"url":"https:\/\/pubeurope.com\/@fr\/115386683610963824","error":""},"_links":{"self":[{"href":"https:\/\/www.europesays.com\/fr\/wp-json\/wp\/v2\/posts\/468693","targetHints":{"allow":["GET"]}}],"collection":[{"href":"https:\/\/www.europesays.com\/fr\/wp-json\/wp\/v2\/posts"}],"about":[{"href":"https:\/\/www.europesays.com\/fr\/wp-json\/wp\/v2\/types\/post"}],"author":[{"embeddable":true,"href":"https:\/\/www.europesays.com\/fr\/wp-json\/wp\/v2\/users\/2"}],"replies":[{"embeddable":true,"href":"https:\/\/www.europesays.com\/fr\/wp-json\/wp\/v2\/comments?post=468693"}],"version-history":[{"count":0,"href":"https:\/\/www.europesays.com\/fr\/wp-json\/wp\/v2\/posts\/468693\/revisions"}],"wp:featuredmedia":[{"embeddable":true,"href":"https:\/\/www.europesays.com\/fr\/wp-json\/wp\/v2\/media\/468694"}],"wp:attachment":[{"href":"https:\/\/www.europesays.com\/fr\/wp-json\/wp\/v2\/media?parent=468693"}],"wp:term":[{"taxonomy":"category","embeddable":true,"href":"https:\/\/www.europesays.com\/fr\/wp-json\/wp\/v2\/categories?post=468693"},{"taxonomy":"post_tag","embeddable":true,"href":"https:\/\/www.europesays.com\/fr\/wp-json\/wp\/v2\/tags?post=468693"}],"curies":[{"name":"wp","href":"https:\/\/api.w.org\/{rel}","templated":true}]}}