{"id":468695,"date":"2025-10-17T00:30:47","date_gmt":"2025-10-17T00:30:47","guid":{"rendered":"https:\/\/www.europesays.com\/fr\/468695\/"},"modified":"2025-10-17T00:30:47","modified_gmt":"2025-10-17T00:30:47","slug":"coupe-de-france-la-finale-2026-pourrait-etre-delocalisee-ou-avancee-en-raison-de-travaux-en-ile-de-france","status":"publish","type":"post","link":"https:\/\/www.europesays.com\/fr\/468695\/","title":{"rendered":"Coupe de France : la finale 2026 pourrait \u00eatre d\u00e9localis\u00e9e ou avanc\u00e9e en raison de travaux en \u00cele-de-France"},"content":{"rendered":"<p class=\"paragraph text_align_left lp-f-body-02\">Une finale de la Coupe de France hors de la r\u00e9gion parisienne ? \u00c0 l\u2019instar de celle de l\u2019\u00e9dition 2023-2024 d\u00e9localis\u00e9e \u00e0 Lille en raison de la proximit\u00e9 avec les JO de Paris et de la r\u00e9novation du Stade de France \u00e0 cet effet, la finale de l\u2019\u00e9preuve centenaire pourrait, elle aussi, se disputer en r\u00e9gion. <\/p>\n<p>D\u00e9cision finale en novembre<\/p>\n<p class=\"paragraph text_align_left lp-f-body-02\">La raison ? \u00c0 la fin du mois de mai, des travaux dans le cadre du Grand Paris Express ont \u00e9t\u00e9 pr\u00e9vus sur plusieurs jours en \u00cele-de-France. Les lignes des RER B et D seront donc ferm\u00e9es le jour de la finale le 23 mai. \u00ab Il y a une forte incertitude sur notre capacit\u00e9 \u00e0 pouvoir organiser la finale le 23 mai et nous sommes \u00e9videmment dans un moment o\u00f9 nous devons \u00e9tudier toutes les options pour faire en sorte que cette grande f\u00eate du football puisse se d\u00e9rouler dans les meilleures conditions, a d\u00e9clar\u00e9 le pr\u00e9sident de la FFF <a href=\"https:\/\/www.leparisien.fr\/sports\/football\/equipe-de-france\/le-president-de-la-fff-philippe-diallo-ecrit-a-nasser-al-khelaifi-apres-la-blessure-dousmane-dembele-08-09-2025-JVQWG3EMTFC4ZINZ7PC7OWYJAQ.php\" target=\"_blank\" rel=\"noreferrer nofollow noopener\">Philippe Diallo<\/a> ce jeudi lors d\u2019une conf\u00e9rence de presse apr\u00e8s le Comex. Ce week-end-l\u00e0, les travaux rendront le stade quasi-indisponible. Cela signifie, potentiellement, une modification de la date, peut-\u00eatre amen\u00e9 \u00e0 \u00eatre avanc\u00e9e, ou d\u00e9localiser cette finale sur un autre stade. Pour des raisons d\u2019\u00e9quit\u00e9, il nous faudra attendre que la comp\u00e9tition avance pour faire en sorte que le stade choisi pr\u00e9serve la neutralit\u00e9 pour ceux qui seront en finale.\u00bb <\/p>\n<p class=\"paragraph text_align_left lp-f-body-02\">\u00abNous ne sommes pas optimistes\u00bbJean-Fran\u00e7ois Vilotte, le directeur g\u00e9n\u00e9ral de la FFF, ne se dit pas tr\u00e8s optimiste sur les chances d\u2019organiser cette \u00e9dition \u00e0 Saint-Denis. En cas de changement de date, les possibilit\u00e9s sont r\u00e9duites car les week-ends pr\u00e9c\u00e9dents sont consacr\u00e9s \u00e0 la L1 et disputer la finale en semaine est tr\u00e8s handicapant pour les supporters des deux clubs finalistes qui se d\u00e9placent g\u00e9n\u00e9ralement en nombre (environ 20 ou 30 000 personnes en moyenne). <\/p>\n<p class=\"paragraph text_align_left lp-f-body-02\">La d\u00e9cision d\u2019une modification de la date ou de la d\u00e9localisation devrait \u00eatre prise lors du prochain Comex en novembre. La comp\u00e9tition, d\u00e9marr\u00e9e en juin dernier, se trouve actuellement au 6e tour. Les 32es de finales avec l\u2019entr\u00e9e en lice des clubs de L1 se d\u00e9rouleront les 20 et 21 d\u00e9cembre. Pour rappel, l\u2019an pass\u00e9, le <a href=\"https:\/\/www.leparisien.fr\/sports\/football\/psg\/\" target=\"_blank\" rel=\"noreferrer nofollow noopener\">PSG <\/a>a d\u00e9croch\u00e9 <a href=\"https:\/\/www.leparisien.fr\/sports\/football\/psg\/psg-reims-3-0-il-va-tres-bien-cest-anodin-luis-enrique-rassurant-apres-labsence-de-kvaratskhelia-25-05-2025-C4DPOVJAP5D7JPNRWGKH4AMBMQ.php\" target=\"_blank\" rel=\"noreferrer nofollow noopener\">sa 16e Coupe de France<\/a> en venant \u00e0 bout en finale du Stade de Reims (3-0).<\/p>\n","protected":false},"excerpt":{"rendered":"Une finale de la Coupe de France hors de la r\u00e9gion parisienne ? \u00c0 l\u2019instar de celle de&hellip;\n","protected":false},"author":2,"featured_media":468696,"comment_status":"","ping_status":"","sticky":false,"template":"","format":"standard","meta":{"footnotes":""},"categories":[1592],"tags":[1111,11,1777,674,63,1011,27,662,12,626,25,60],"class_list":{"0":"post-468695","1":"post","2":"type-post","3":"status-publish","4":"format-standard","5":"has-post-thumbnail","7":"category-ile-de-france","8":"tag-actu","9":"tag-actualites","10":"tag-eu","11":"tag-europe","12":"tag-football","13":"tag-fr","14":"tag-france","15":"tag-ile-de-france","16":"tag-news","17":"tag-paris","18":"tag-republique-francaise","19":"tag-sports"},"share_on_mastodon":{"url":"https:\/\/pubeurope.com\/@fr\/115386691287330531","error":""},"_links":{"self":[{"href":"https:\/\/www.europesays.com\/fr\/wp-json\/wp\/v2\/posts\/468695","targetHints":{"allow":["GET"]}}],"collection":[{"href":"https:\/\/www.europesays.com\/fr\/wp-json\/wp\/v2\/posts"}],"about":[{"href":"https:\/\/www.europesays.com\/fr\/wp-json\/wp\/v2\/types\/post"}],"author":[{"embeddable":true,"href":"https:\/\/www.europesays.com\/fr\/wp-json\/wp\/v2\/users\/2"}],"replies":[{"embeddable":true,"href":"https:\/\/www.europesays.com\/fr\/wp-json\/wp\/v2\/comments?post=468695"}],"version-history":[{"count":0,"href":"https:\/\/www.europesays.com\/fr\/wp-json\/wp\/v2\/posts\/468695\/revisions"}],"wp:featuredmedia":[{"embeddable":true,"href":"https:\/\/www.europesays.com\/fr\/wp-json\/wp\/v2\/media\/468696"}],"wp:attachment":[{"href":"https:\/\/www.europesays.com\/fr\/wp-json\/wp\/v2\/media?parent=468695"}],"wp:term":[{"taxonomy":"category","embeddable":true,"href":"https:\/\/www.europesays.com\/fr\/wp-json\/wp\/v2\/categories?post=468695"},{"taxonomy":"post_tag","embeddable":true,"href":"https:\/\/www.europesays.com\/fr\/wp-json\/wp\/v2\/tags?post=468695"}],"curies":[{"name":"wp","href":"https:\/\/api.w.org\/{rel}","templated":true}]}}