{"id":468705,"date":"2025-10-17T00:36:18","date_gmt":"2025-10-17T00:36:18","guid":{"rendered":"https:\/\/www.europesays.com\/fr\/468705\/"},"modified":"2025-10-17T00:36:18","modified_gmt":"2025-10-17T00:36:18","slug":"qui-est-le-mysterieux-vladimir-ossetchkine-dissident-russe-cible-par-un-projet-dassassinat-en-france","status":"publish","type":"post","link":"https:\/\/www.europesays.com\/fr\/468705\/","title":{"rendered":"Qui est le myst\u00e9rieux Vladimir Ossetchkine, dissident russe cibl\u00e9 par un projet d\u2019assassinat en France ?"},"content":{"rendered":"<p>\n    <strong>PORTRAIT <\/strong>&#8211; Ce troublant personnage, mis en cause par un m\u00e9dia d\u2019investigation jug\u00e9 \u00abind\u00e9sirable\u00bb en Russie, a d\u00e9nonc\u00e9 de multiples cas de torture et de viols dans les prisons russes. Il aurait d\u00e9j\u00e0 \u00e9t\u00e9 la cible d\u2019un assassinat rat\u00e9 en 2022.<\/p>\n<p class=\"fig-paragraph\">Le\u00a0<a href=\"http:\/\/www.lefigaro.fr\/international\/nous-sommes-dans-une-confrontation-avec-la-russie-testes-par-le-kremlin-les-europeens-au-pied-du-mur-20251001\" target=\"_blank\" data-fig-type=\"Article\" rel=\"noopener\" data-gtm-custom-categorie=\"navigation\" data-gtm-custom-action=\"crossclick\" data-gtm-custom-label=\"Contextuel\" data-gtm-event=\"customEventSPE\" data-fig-domain=\"LEFIGARO\">Kremlin<\/a>\u00a0\u00e9tendrait ses op\u00e9rations jusque dans le sud de la France. Le parquet national antiterroriste a annonc\u00e9 ce jeudi 16 octobre l\u2019interpellation par la\u00a0<a href=\"http:\/\/www.lefigaro.fr\/international\/la-mysterieuse-disparition-d-un-ex-patron-de-la-dgsi-met-alger-en-emoi-20250924\" target=\"_blank\" data-fig-type=\"Article\" rel=\"noopener\" data-gtm-custom-categorie=\"navigation\" data-gtm-custom-action=\"crossclick\" data-gtm-custom-label=\"Contextuel\" data-gtm-event=\"customEventSPE\" data-fig-domain=\"LEFIGARO\">DGSI\u00a0<\/a>de quatre hommes, \u00e2g\u00e9s de 26 \u00e0 38 ans, soup\u00e7onn\u00e9s d\u2019avoir foment\u00e9 un projet d\u2019assassinat contre un opposant russe r\u00e9fugi\u00e9 en France. Cet homme, install\u00e9 \u00e0\u00a0<a href=\"http:\/\/www.lefigaro.fr\/voyages\/meme-le-bain-devient-dangereux-a-biarritz-l-ete-sous-tension-de-l-une-des-plus-belles-plages-de-france-20250713\" target=\"_blank\" data-fig-type=\"Article\" rel=\"noopener\" data-gtm-custom-categorie=\"navigation\" data-gtm-custom-action=\"crossclick\" data-gtm-custom-label=\"Contextuel\" data-gtm-event=\"customEventSPE\" data-fig-domain=\"LEFIGARO\">Biarritz<\/a>, ne serait autre que Vladimir Ossetchkine, consid\u00e9r\u00e9 comme l\u2019une des figures les plus symboliques de l\u2019opposition au Kremlin.<\/p>\n<p class=\"fig-paragraph\"><a href=\"http:\/\/www.lefigaro.fr\/international\/un-projet-d-assassinat-contre-un-opposant-russe-de-vladimir-poutine-refugie-en-france-dejoue-par-la-dgsi-20251016\" target=\"_blank\" data-fig-type=\"NewsFlash\" rel=\"noopener\" data-gtm-custom-categorie=\"navigation\" data-gtm-custom-action=\"crossclick\" data-gtm-custom-label=\"Contextuel\" data-gtm-event=\"customEventSPE\" data-fig-domain=\"LEFIGARO\">D\u2019apr\u00e8s nos confr\u00e8res du Parisien<\/a>, les quatre suspects auraient effectu\u00e9 plusieurs d\u00e9placements pr\u00e8s du quartier r\u00e9sidentiel de cet homme de 44 ans. Ils auraient r\u00e9alis\u00e9 des rep\u00e9rages et film\u00e9 son immeuble, afin de garder en m\u00e9moire les plans de l\u2019\u00e9difice. Interpell\u00e9s par des agents du renseignement, ils auraient toutefois d\u00e9clar\u00e9 en garde \u00e0 vue ignorer les raisons de leurs d\u00e9placements, martelant avoir \u00e9t\u00e9 manipul\u00e9s par des individus, ou une entit\u00e9, encore inconnue \u00e0 ce jour.<\/p>\n<p class=\"fig-paragraph\">Depuis quelques mois, les autorit\u00e9s fran\u00e7aises soup\u00e7onnent la Russie\u2026<\/p>\n<p class=\"fig-premium-paywall__infos\">\n        Cet article est r\u00e9serv\u00e9 aux abonn\u00e9s.        Il vous reste 86% \u00e0 d\u00e9couvrir.\n    <\/p>\n<p>                <img  data- alt=\"Le Figaro\" class=\"fig-img--complete fig-img\"\/><\/p>\n<p class=\"fig-premium-paywall__title\">Vous avez envie de lire la suite ?<\/p>\n<p class=\"fig-premium-paywall__subtitle\">D\u00e9bloquez tous les articles imm\u00e9diatement.<\/p>\n<p class=\"fig-premium-paywall__connect\">\n                D\u00e9j\u00e0 abonn\u00e9\u00a0?                <a class=\"fig-premium-paywall__connect-link\" href=\"https:\/\/connect.lefigaro.fr\/login?client=horizon_web&amp;type=main&amp;redirect_uri=https%3A%2F%2Fwww.lefigaro.fr%2Finternational%2Fqui-est-le-mysterieux-vladimir-ossetchkine-dissident-russe-cible-par-un-projet-d-assassinat-en-france-20251016\" data-js-gtm=\"{&quot;customCategorie&quot;: &quot;conversion&quot;, &quot;customAction&quot;: &quot;before_Landing_Connexion_paywall_auto&quot;, &quot;customLabel&quot;: &quot;bGVmaWdhcm8uZnJfXzFmMGFhYjU3LTk3NDYtNmEwMC1hYjM1LWQ5ZjMwMmEzZjE3Zl9fTmV3c0ZsYXNo_Qui est le myst\u00e9rieux Vladimir Ossetchkine, dissident russe cibl\u00e9 par un projet d\u2019assassinat en France\u00a0?_67&quot;, &quot;customIDSPE&quot;: &quot;bGVmaWdhcm8uZnJfXzFmMGFhYjU3LTk3NDYtNmEwMC1hYjM1LWQ5ZjMwMmEzZjE3Zl9fTmV3c0ZsYXNo&quot;, &quot;event&quot;: &quot;customEventSPE&quot;}\" target=\"_blank\" rel=\"noopener\"><br \/>\n                    Connectez-vous<br \/>\n                <\/a>\n            <\/p>\n","protected":false},"excerpt":{"rendered":"PORTRAIT &#8211; Ce troublant personnage, mis en cause par un m\u00e9dia d\u2019investigation jug\u00e9 \u00abind\u00e9sirable\u00bb en Russie, a d\u00e9nonc\u00e9&hellip;\n","protected":false},"author":2,"featured_media":468706,"comment_status":"","ping_status":"","sticky":false,"template":"","format":"standard","meta":{"footnotes":""},"categories":[1591],"tags":[11,1887,12,1885,1886,132,135],"class_list":{"0":"post-468705","1":"post","2":"type-post","3":"status-publish","4":"format-standard","5":"has-post-thumbnail","7":"category-russie","8":"tag-actualites","9":"tag-federation-de-russie","10":"tag-news","11":"tag-russia","12":"tag-russian-federation","13":"tag-russie","14":"tag-vladimir-poutine"},"share_on_mastodon":{"url":"https:\/\/pubeurope.com\/@fr\/115386711038630153","error":""},"_links":{"self":[{"href":"https:\/\/www.europesays.com\/fr\/wp-json\/wp\/v2\/posts\/468705","targetHints":{"allow":["GET"]}}],"collection":[{"href":"https:\/\/www.europesays.com\/fr\/wp-json\/wp\/v2\/posts"}],"about":[{"href":"https:\/\/www.europesays.com\/fr\/wp-json\/wp\/v2\/types\/post"}],"author":[{"embeddable":true,"href":"https:\/\/www.europesays.com\/fr\/wp-json\/wp\/v2\/users\/2"}],"replies":[{"embeddable":true,"href":"https:\/\/www.europesays.com\/fr\/wp-json\/wp\/v2\/comments?post=468705"}],"version-history":[{"count":0,"href":"https:\/\/www.europesays.com\/fr\/wp-json\/wp\/v2\/posts\/468705\/revisions"}],"wp:featuredmedia":[{"embeddable":true,"href":"https:\/\/www.europesays.com\/fr\/wp-json\/wp\/v2\/media\/468706"}],"wp:attachment":[{"href":"https:\/\/www.europesays.com\/fr\/wp-json\/wp\/v2\/media?parent=468705"}],"wp:term":[{"taxonomy":"category","embeddable":true,"href":"https:\/\/www.europesays.com\/fr\/wp-json\/wp\/v2\/categories?post=468705"},{"taxonomy":"post_tag","embeddable":true,"href":"https:\/\/www.europesays.com\/fr\/wp-json\/wp\/v2\/tags?post=468705"}],"curies":[{"name":"wp","href":"https:\/\/api.w.org\/{rel}","templated":true}]}}