{"id":468709,"date":"2025-10-17T00:38:10","date_gmt":"2025-10-17T00:38:10","guid":{"rendered":"https:\/\/www.europesays.com\/fr\/468709\/"},"modified":"2025-10-17T00:38:10","modified_gmt":"2025-10-17T00:38:10","slug":"pour-doper-la-natalite-americaine-trump-annonce-des-mesures-pour-faire-baisser-le-cout-faramineux-des-fiv","status":"publish","type":"post","link":"https:\/\/www.europesays.com\/fr\/468709\/","title":{"rendered":"Pour doper la natalit\u00e9 am\u00e9ricaine, Trump annonce des mesures pour faire baisser le co\u00fbt faramineux des FIV"},"content":{"rendered":"<p>\n    Le pr\u00e9sident am\u00e9ricain a annonc\u00e9 jeudi des mesures pour faire baisser les co\u00fbts tr\u00e8s \u00e9lev\u00e9s des f\u00e9condations in vitro (FIV) aux \u00c9tats-Unis, une de ses promesses de campagne destin\u00e9e \u00e0 relancer la natalit\u00e9 en berne du pays mais qui divise ses soutiens conservateurs.<\/p>\n<p class=\"fig-paragraph\"><a href=\"https:\/\/www.lefigaro.fr\/tag\/donald-trump\" target=\"_blank\" rel=\"sponsored noopener nofollow\" data-gtm-custom-categorie=\"navigation\" data-gtm-custom-action=\"crossclick\" data-gtm-custom-label=\"Contextuel\" data-gtm-event=\"customEventSPE\">Donald Trump<\/a>\u00a0a annonc\u00e9 jeudi des mesures pour faire baisser les co\u00fbts tr\u00e8s \u00e9lev\u00e9s des\u00a0<a href=\"https:\/\/www.lefigaro.fr\/tag\/fiv\" target=\"_blank\" rel=\"sponsored noopener nofollow\" data-gtm-custom-categorie=\"navigation\" data-gtm-custom-action=\"crossclick\" data-gtm-custom-label=\"Contextuel\" data-gtm-event=\"customEventSPE\">f\u00e9condations in vitro (FIV)<\/a>\u00a0aux \u00c9tats-Unis, une de ses promesses de campagne destin\u00e9e \u00e0 relancer la natalit\u00e9 en berne du pays mais qui divise ses soutiens conservateurs.<\/p>\n<p class=\"fig-paragraph\">\u00abNous voulons faciliter la t\u00e2che \u00e0 tous les couples qui souhaitent avoir des enfants\u00bb, a assur\u00e9 le r\u00e9publicain lors d&rsquo;une conf\u00e9rence de presse \u00e0 la Maison Blanche d\u00e9di\u00e9e \u00e0 cette technique de reproduction assist\u00e9e.<\/p>\n<p>                                    <a class=\"fig-a11y-skip a11y-hidden\" href=\"#fig-a11y-skip-main-inarticle\"><br \/>\n        Passer la publicit\u00e9<br \/>\n    <\/a><\/p>\n<p class=\"fig-paragraph\">Le co\u00fbt d&rsquo;une FIV aux \u00c9tats-Unis peut s&rsquo;\u00e9lever aujourd&rsquo;hui \u00e0 plusieurs dizaines de milliers de dollars et est rarement pris en charge par les assurances sant\u00e9, ce qui en limite grandement l&rsquo;acc\u00e8s.<\/p>\n<p>Traitements d\u00e9sormais possible d\u2019acheter en ligne<\/p>\n<p class=\"fig-paragraph\">Les \u00c9tats-Unis vont d\u00e9sormais proposer aux Am\u00e9ricains d&rsquo;acheter \u00e0 des prix r\u00e9duits certains traitements utilis\u00e9s dans le cadre des FIV, a annonc\u00e9 en fanfare le pr\u00e9sident, promettant que les prix allaient \u00abbaisser consid\u00e9rablement\u00bb.<\/p>\n<p class=\"fig-paragraph\">Plusieurs de ces traitements hormonaux pourront ainsi \u00eatre achet\u00e9s sur un site internet nomm\u00e9 en l&rsquo;honneur de Donald Trump \u00e0 partir de d\u00e9but 2026, a d\u00e9taill\u00e9 un responsable de la Maison-Blanche, pr\u00e9venant que les remises varieraient selon les revenus fiscaux des acheteurs.<\/p>\n<p class=\"fig-paragraph\">Les d\u00e9tails pratiques, notamment l&rsquo;\u00e9conomie r\u00e9elle r\u00e9alis\u00e9e ou encore le nombre de personnes qui pourront en b\u00e9n\u00e9ficier, restent n\u00e9anmoins flous.<\/p>\n<p>Assurance-maladie sp\u00e9cifique<\/p>\n<p class=\"fig-paragraph\">Par ailleurs, le gouvernement am\u00e9ricain va inciter les entreprises \u00e0 proposer \u00e0 leurs employ\u00e9s une forme d&rsquo;assurance-maladie sp\u00e9cifique aux soins de fertilit\u00e9, sur le mod\u00e8le de celles d\u00e9j\u00e0 propos\u00e9es pour les soins dentaires ou de vision, a poursuivi Donald Trump.<\/p>\n<p>                                    <a class=\"fig-a11y-skip a11y-hidden\" href=\"#fig-a11y-skip-main-inarticle_mtf\"><br \/>\n        Passer la publicit\u00e9<br \/>\n    <\/a><\/p>\n<p class=\"fig-paragraph\">\u00c0 ce jour, seul un quart des grandes entreprises am\u00e9ricaines proposent une couverture sant\u00e9 prenant au moins en partie en charge le co\u00fbt d&rsquo;une FIV, selon le centre de r\u00e9flexion KFF. Tout changement significatif reposera n\u00e9anmoins sur le bon vouloir des entreprises.<\/p>\n<p class=\"fig-paragraph\">\u00abC&rsquo;est un d\u00e9but de discussion remarquable mais c&rsquo;est peu probable que cela ait un impact imm\u00e9diat sur les patients\u00bb, rel\u00e8ve aupr\u00e8s de l&rsquo;AFP TJ Farnsworth, pr\u00e9sident de la Fertility Providers Alliance, une association repr\u00e9sentant de nombreuses cliniques am\u00e9ricaines de fertilit\u00e9.<\/p>\n<p>Engagement de campagne qui divise les r\u00e9publicains<\/p>\n<p class=\"fig-paragraph\">Lors de la campagne pr\u00e9sidentielle de 2024, Donald Trump s&rsquo;\u00e9tait autoproclam\u00e9 comme le \u00abp\u00e8re de la f\u00e9condation in vitro\u00bb et avait promis de faciliter l&rsquo;acc\u00e8s \u00e0 cette technique de reproduction assist\u00e9e.<\/p>\n<p class=\"fig-paragraph\">Une promesse qui avait divis\u00e9 sa base, une partie des conservateurs s&rsquo;opposant farouchement \u00e0 cette pratique qui s&rsquo;apparente selon eux \u00e0 l&rsquo;avortement, les embryons cr\u00e9\u00e9s n&rsquo;\u00e9tant pas tous utilis\u00e9s, tandis qu&rsquo;une autre salue une politique pro-nataliste.<\/p>\n<p class=\"fig-paragraph\">L&rsquo;enjeu est soci\u00e9tal et politique, les \u00c9tats-Unis faisant face \u00e0 une crise de la f\u00e9condit\u00e9 comme d&rsquo;autres pays d\u00e9velopp\u00e9s.<\/p>\n","protected":false},"excerpt":{"rendered":"Le pr\u00e9sident am\u00e9ricain a annonc\u00e9 jeudi des mesures pour faire baisser les co\u00fbts tr\u00e8s \u00e9lev\u00e9s des f\u00e9condations in&hellip;\n","protected":false},"author":2,"featured_media":468710,"comment_status":"","ping_status":"","sticky":false,"template":"","format":"standard","meta":{"footnotes":""},"categories":[1589],"tags":[11,75,73,1866,59241,12,1864,1865,1863,308],"class_list":{"0":"post-468709","1":"post","2":"type-post","3":"status-publish","4":"format-standard","5":"has-post-thumbnail","7":"category-etats-unis","8":"tag-actualites","9":"tag-donald-trump","10":"tag-etats-unis","11":"tag-etats-unis-damerique","12":"tag-fiv","13":"tag-news","14":"tag-united-states","15":"tag-united-states-of-america","16":"tag-us","17":"tag-usa"},"share_on_mastodon":{"url":"https:\/\/pubeurope.com\/@fr\/115386718859897086","error":""},"_links":{"self":[{"href":"https:\/\/www.europesays.com\/fr\/wp-json\/wp\/v2\/posts\/468709","targetHints":{"allow":["GET"]}}],"collection":[{"href":"https:\/\/www.europesays.com\/fr\/wp-json\/wp\/v2\/posts"}],"about":[{"href":"https:\/\/www.europesays.com\/fr\/wp-json\/wp\/v2\/types\/post"}],"author":[{"embeddable":true,"href":"https:\/\/www.europesays.com\/fr\/wp-json\/wp\/v2\/users\/2"}],"replies":[{"embeddable":true,"href":"https:\/\/www.europesays.com\/fr\/wp-json\/wp\/v2\/comments?post=468709"}],"version-history":[{"count":0,"href":"https:\/\/www.europesays.com\/fr\/wp-json\/wp\/v2\/posts\/468709\/revisions"}],"wp:featuredmedia":[{"embeddable":true,"href":"https:\/\/www.europesays.com\/fr\/wp-json\/wp\/v2\/media\/468710"}],"wp:attachment":[{"href":"https:\/\/www.europesays.com\/fr\/wp-json\/wp\/v2\/media?parent=468709"}],"wp:term":[{"taxonomy":"category","embeddable":true,"href":"https:\/\/www.europesays.com\/fr\/wp-json\/wp\/v2\/categories?post=468709"},{"taxonomy":"post_tag","embeddable":true,"href":"https:\/\/www.europesays.com\/fr\/wp-json\/wp\/v2\/tags?post=468709"}],"curies":[{"name":"wp","href":"https:\/\/api.w.org\/{rel}","templated":true}]}}