{"id":468725,"date":"2025-10-17T00:46:18","date_gmt":"2025-10-17T00:46:18","guid":{"rendered":"https:\/\/www.europesays.com\/fr\/468725\/"},"modified":"2025-10-17T00:46:18","modified_gmt":"2025-10-17T00:46:18","slug":"open-de-espana-un-coussaud-muy-bueno-federation-francaise-de-golf-ffgolf","status":"publish","type":"post","link":"https:\/\/www.europesays.com\/fr\/468725\/","title":{"rendered":"Open de Espa\u00f1a : Un Coussaud muy bueno &#8211; F\u00e9d\u00e9ration fran\u00e7aise de golf (ffgolf)"},"content":{"rendered":"<ol>\n<li><a href=\"https:\/\/news.google.com\/rss\/articles\/CBMimAFBVV95cUxOcnRsdmp6V1dOSUM1V0J6U2FjVDFUUkZPeFV3eVZ0TU9ZaEo1SGVpOEZyaWs5TnhCMjZob0pRelpkMHh5SmgyX0k4bzk3MEpNQTJGZXV6ZjlrUkRTQ05OZ0hLWW5iMEtYQjVoN2kybHNSV1NWVVFyQTEtQm80cjBoaW54aWt3Qi0tQUhYYjctbWRHMldCVmFUaQ?oc=5\" target=\"_blank\" rel=\"nofollow noopener\">Open de Espa\u00f1a : Un Coussaud muy bueno<\/a>&nbsp;&nbsp;F\u00e9d\u00e9ration fran\u00e7aise de golf (ffgolf)<\/li>\n<li><a href=\"https:\/\/news.google.com\/rss\/articles\/CBMizAFBVV95cUxONW1MYmN0U2R4RUMyMnJ6M3FiSnc3R3p6MF9uWVNsZUJpdUZ4WWRiTm02Z2xONHFnSXd4TUZXOHhBNjk3RWhjVzdmeVE3a09KVDY1WXhKUGtnTWt5WDFVZlF2MHU1V3J2TlhoU3Zqek02SmtBYXRrbndTcl9TYTNYU1pveWlrQ1JuZzVPZWxjQkt6RVZiLVZzdUgzSFJ2TjFmZXlBTEZVOVNlQ1UtVzk5cmJDZENFb2gyTTZidmdJZDNWOHZ3WFJOd3I1Y2Q?oc=5\" target=\"_blank\" rel=\"nofollow noopener\">\u00abUne super semaine de putting\u00bb : Ugo Coussaud revient sur sa 5e place \u00e0 l&rsquo;Open d&rsquo;Espagne<\/a>&nbsp;&nbsp;L&rsquo;\u00c9quipe<\/li>\n<li><a href=\"https:\/\/news.google.com\/rss\/articles\/CBMirAFBVV95cUxQNTFjUUJxZnVxRmszc29fR0MwVlkxSFNfc3JycGExZV83ZGlfaFJ4YWxMdDRtbEJkSThUU3NEYXFXd0tzQlE3bXdMbTdtXzM2a2pfUW9kOEpJSWw5Y01vMEhuNkhqUUF2Q1R6VDNDVjJuaDdwWldWYTdSX05kZ3ZaNHZpMGZjUTlCOWlNdTdzbXlmU0xibTF3NzhVRXdrdUxzaUJaRk9URk5CNTVi?oc=5\" target=\"_blank\" rel=\"nofollow noopener\">Golf : cinqui\u00e8me place importante pour Ugo Coussaud en Espagne<\/a>&nbsp;&nbsp;Charente Libre<\/li>\n<li><a href=\"https:\/\/news.google.com\/rss\/articles\/CBMiowFBVV95cUxQZGRXaTdoZC1kZzZqM1pLM01PYTAzN3ZEUlZnWlluYjhvZ3QzOUtDa2dja3dfbGdCeHNuZThmNjNIbFRwZTVuYzdIcWVjbVVkTHVRenF3R3JCQ21JRkhGeVlWUDI1T1JfQ0JqNklwUmhOWkFvdkZ4QWtuQk1QNGlmVEZOUlh0em5DbnhhZFBYM202RndLcnVXUUg5VWJxRnBNUTJF?oc=5\" target=\"_blank\" rel=\"nofollow noopener\">Acciona Open de Espa\u00f1a : Un Coussaud muy bueno<\/a>&nbsp;&nbsp;F\u00e9d\u00e9ration fran\u00e7aise de golf (ffgolf)<\/li>\n<li><a href=\"https:\/\/news.google.com\/rss\/articles\/CBMipgFBVV95cUxQUlFCNm1WdG11ZDgxQXVGd3p3eG41b3lLaWpLWlFhSmxUa0tMVVl6dFpvVjdocG43M3RaM2R6RDRsRDV1YTJLcDV3bS1uWjJsdno5Um1RSXhwVEhyNlBHaEFKUEZzSXdHcWNIY0FtS2hRS1R2Rl8ybUZqdEhKOVdVNEk5UFh0VlhpZjlnVG00Yjl2OW5pSkpkeFJYdURMUDNib1V3QTVn?oc=5\" target=\"_blank\" rel=\"nofollow noopener\">Champion d\u2019Espagne, Marco Penge entre dans la troisi\u00e8me dimension<\/a>&nbsp;&nbsp;Golf Plan\u00e8te<\/li>\n<\/ol>\n","protected":false},"excerpt":{"rendered":"Open de Espa\u00f1a : Un Coussaud muy bueno&nbsp;&nbsp;F\u00e9d\u00e9ration fran\u00e7aise de golf (ffgolf) \u00abUne super semaine de putting\u00bb :&hellip;\n","protected":false},"author":2,"featured_media":468726,"comment_status":"","ping_status":"","sticky":false,"template":"","format":"standard","meta":{"footnotes":""},"categories":[1418],"tags":[1011,27,1472,60],"class_list":{"0":"post-468725","1":"post","2":"type-post","3":"status-publish","4":"format-standard","5":"has-post-thumbnail","7":"category-golf","8":"tag-fr","9":"tag-france","10":"tag-golf","11":"tag-sports"},"share_on_mastodon":{"url":"https:\/\/pubeurope.com\/@fr\/115386750238936177","error":""},"_links":{"self":[{"href":"https:\/\/www.europesays.com\/fr\/wp-json\/wp\/v2\/posts\/468725","targetHints":{"allow":["GET"]}}],"collection":[{"href":"https:\/\/www.europesays.com\/fr\/wp-json\/wp\/v2\/posts"}],"about":[{"href":"https:\/\/www.europesays.com\/fr\/wp-json\/wp\/v2\/types\/post"}],"author":[{"embeddable":true,"href":"https:\/\/www.europesays.com\/fr\/wp-json\/wp\/v2\/users\/2"}],"replies":[{"embeddable":true,"href":"https:\/\/www.europesays.com\/fr\/wp-json\/wp\/v2\/comments?post=468725"}],"version-history":[{"count":0,"href":"https:\/\/www.europesays.com\/fr\/wp-json\/wp\/v2\/posts\/468725\/revisions"}],"wp:featuredmedia":[{"embeddable":true,"href":"https:\/\/www.europesays.com\/fr\/wp-json\/wp\/v2\/media\/468726"}],"wp:attachment":[{"href":"https:\/\/www.europesays.com\/fr\/wp-json\/wp\/v2\/media?parent=468725"}],"wp:term":[{"taxonomy":"category","embeddable":true,"href":"https:\/\/www.europesays.com\/fr\/wp-json\/wp\/v2\/categories?post=468725"},{"taxonomy":"post_tag","embeddable":true,"href":"https:\/\/www.europesays.com\/fr\/wp-json\/wp\/v2\/tags?post=468725"}],"curies":[{"name":"wp","href":"https:\/\/api.w.org\/{rel}","templated":true}]}}