{"id":46873,"date":"2025-04-23T15:20:15","date_gmt":"2025-04-23T15:20:15","guid":{"rendered":"https:\/\/www.europesays.com\/fr\/46873\/"},"modified":"2025-04-23T15:20:15","modified_gmt":"2025-04-23T15:20:15","slug":"specialiste-de-linfo-business-et-de-lactualite-des-entreprises-api-news-se-lance-en","status":"publish","type":"post","link":"https:\/\/www.europesays.com\/fr\/46873\/","title":{"rendered":"Sp\u00e9cialiste de l\u2019info business et de l\u2019actualit\u00e9 des entreprises, API News se lance en"},"content":{"rendered":"<p>\u00c0 l\u2019occasion du lancement du m\u00e9diaen Normandie, retrouvez ci-dessous notre entretien avec<strong>\u00a0Arnaud Wajdzik, <\/strong>pr\u00e9sident et directeur de la publication d\u2019<a href=\"https:\/\/www.ouest-france.fr\/economie\/api\/\" target=\"_blank\" rel=\"nofollow noopener\"> API News.<\/a><\/p>\n<p>Qu\u2019est-ce qu\u2019API News\u00a0?<\/p>\n<p>API est n\u00e9e \u00e0 Nantes, il y a trente-quatre\u00a0ans. Elle a ensuite essaim\u00e9 en Pays de la Loire, en Bretagne. Le m\u00e9dia, sp\u00e9cialiste de l\u2019information \u00e9conomique, de tout ce qui concerne les entreprises, les r\u00e9seaux, les nominations, les projets industriels ou encore l\u2019emploi, est devenue filiale de Ouest-France en 2019. 4\u00a0500\u00a0personnes sont abonn\u00e9es \u00e0 notre newsletter. Ce 24\u00a0avril 2025, nous lan\u00e7ons API News en Normandie.<\/p>\n<p>\u00c0 qui s\u2019adresse API\u00a0?<\/p>\n<p>Nos lecteurs sont des chefs d\u2019entreprise, des d\u00e9cideurs, des cadres de collectivit\u00e9s, des acteurs publics ou priv\u00e9s. Ils ont besoin d\u2019une veille rapide, d\u2019informations concr\u00e8tes, utiles, cibl\u00e9es. C\u2019est ce que nous proposons chaque matin avec notre newsletter. Nous ne faisons pas de communication mais du journalisme, et proposons une information fiable et claire qui permet de se tenir au courant de ce qui se passe.<\/p>\n<p>En Normandie, nous nous int\u00e9resserons particuli\u00e8rement aux secteurs de l\u2019agroalimentaire, de l\u2019industrie, des \u00e9nergies, de l\u2019intelligence artificielle, du maritime ou encore de la d\u00e9fense. Th\u00e9matique qui sera d\u2019ailleurs au c\u0153ur de notre premi\u00e8re newsletter.<\/p>\n<p><strong>Lire aussi\u00a0: <\/strong> <a href=\"https:\/\/caen.maville.com\/actu\/actudet_-en-normandie-les-industriels-de-la-defense-et-l-industrie-militaire-se-mettent-en-ordre-de-marche-_4-6728438_actu.Htm\" target=\"_blank\" rel=\"nofollow noopener\">En Normandie, les industriels de la d\u00e9fense et l\u2019industrie militaire se mettent en ordre de marche<\/a><\/p>\n<p> API, c\u2019est plus qu\u2019une newsletter\u00a0?<\/p>\n<p>En effet, nous produisons de la vid\u00e9o avec des interviews de dirigeants ou une <a href=\"https:\/\/www.ouest-france.fr\/economie\/api\/api-live\/video-decarbonez-vous-episode-6-rehabiliter-pour-decarboner-la-strategie-d-orne-habitat-51b3d0fb-29ff-49c3-a699-d41b3b8561f2\" target=\"_blank\" rel=\"nofollow noopener\">webs\u00e9rie<\/a>, nous organisons des webinaires, publions des annuaires des leaders \u00e9conomiques et sommes producteurs de plusieurs \u00e9v\u00e9nements dans l\u2019Ouest. Il n\u2019est pas impossible que l\u2019on organise aussi un \u00e9v\u00e9nement prochainement en Normandie.<\/p>\n<p>Rapprocher les d\u00e9cideurs, favoriser le r\u00e9seautage fait aussi partie de notre activit\u00e9. Enfin, <a href=\"https:\/\/www.ouest-france.fr\/economie\/api\/video-un-atlas-inedit-qui-vous-parle-d-economie-en-bretagne-et-pays-de-la-loire-5fc9a2d2-ca7e-4010-a9bb-e4ecb86de62f\" target=\"_blank\" rel=\"nofollow noopener\">un atlas \u00e9conomique normand<\/a> est en pr\u00e9paration. Il verra le jour d\u2019ici la fin de l\u2019ann\u00e9e.<\/p>\n<p>Plus d\u2019informations\u00a0: <a href=\"https:\/\/agence-api.ouest-france.fr\/actualites\" target=\"_blank\" rel=\"nofollow noopener\">agence-api.ouest-france.fr\/actualites<\/a><\/p>\n<p>\u00a0<\/p>\n","protected":false},"excerpt":{"rendered":"\u00c0 l\u2019occasion du lancement du m\u00e9diaen Normandie, retrouvez ci-dessous notre entretien avec\u00a0Arnaud Wajdzik, pr\u00e9sident et directeur de la&hellip;\n","protected":false},"author":2,"featured_media":46874,"comment_status":"","ping_status":"","sticky":false,"template":"","format":"standard","meta":{"footnotes":""},"categories":[2818],"tags":[1111,47,11,13661,35,313,1777,674,1011,27,1922,9447,766,12,5161,2636,25,13662,9937],"class_list":{"0":"post-46873","1":"post","2":"type-post","3":"status-publish","4":"format-standard","5":"has-post-thumbnail","7":"category-nantes","8":"tag-actu","9":"tag-actualite","10":"tag-actualites","11":"tag-api","12":"tag-business","13":"tag-entreprises","14":"tag-eu","15":"tag-europe","16":"tag-fr","17":"tag-france","18":"tag-info","19":"tag-lance","20":"tag-nantes","21":"tag-news","22":"tag-normandie","23":"tag-pays-de-la-loire","24":"tag-republique-francaise","25":"tag-saint-lo","26":"tag-specialiste"},"share_on_mastodon":{"url":"https:\/\/pubeurope.com\/@fr\/114387958162895335","error":""},"_links":{"self":[{"href":"https:\/\/www.europesays.com\/fr\/wp-json\/wp\/v2\/posts\/46873","targetHints":{"allow":["GET"]}}],"collection":[{"href":"https:\/\/www.europesays.com\/fr\/wp-json\/wp\/v2\/posts"}],"about":[{"href":"https:\/\/www.europesays.com\/fr\/wp-json\/wp\/v2\/types\/post"}],"author":[{"embeddable":true,"href":"https:\/\/www.europesays.com\/fr\/wp-json\/wp\/v2\/users\/2"}],"replies":[{"embeddable":true,"href":"https:\/\/www.europesays.com\/fr\/wp-json\/wp\/v2\/comments?post=46873"}],"version-history":[{"count":0,"href":"https:\/\/www.europesays.com\/fr\/wp-json\/wp\/v2\/posts\/46873\/revisions"}],"wp:featuredmedia":[{"embeddable":true,"href":"https:\/\/www.europesays.com\/fr\/wp-json\/wp\/v2\/media\/46874"}],"wp:attachment":[{"href":"https:\/\/www.europesays.com\/fr\/wp-json\/wp\/v2\/media?parent=46873"}],"wp:term":[{"taxonomy":"category","embeddable":true,"href":"https:\/\/www.europesays.com\/fr\/wp-json\/wp\/v2\/categories?post=46873"},{"taxonomy":"post_tag","embeddable":true,"href":"https:\/\/www.europesays.com\/fr\/wp-json\/wp\/v2\/tags?post=46873"}],"curies":[{"name":"wp","href":"https:\/\/api.w.org\/{rel}","templated":true}]}}