{"id":468731,"date":"2025-10-17T00:51:13","date_gmt":"2025-10-17T00:51:13","guid":{"rendered":"https:\/\/www.europesays.com\/fr\/468731\/"},"modified":"2025-10-17T00:51:13","modified_gmt":"2025-10-17T00:51:13","slug":"martin-egalement-forfait-en-malaisie","status":"publish","type":"post","link":"https:\/\/www.europesays.com\/fr\/468731\/","title":{"rendered":"Mart\u00edn \u00e9galement forfait en Malaisie"},"content":{"rendered":"<p>Aprilia confirme que Jorge Mart\u00edn (Aprilia Racing) ne fera pas son retour en piste tout de suite puisque l&rsquo;Espagnol manquera \u00e9galement le Grand Prix de Malaisie.<\/p>\n<p>Le n\u00b01 s&rsquo;est cass\u00e9 la clavicule dans une chute impliquant plusieurs pilotes au d\u00e9part de la Tissot Sprint au Japon, un incident qui fait toujours l&rsquo;objet d&rsquo;une enqu\u00eate de la part des commissaires de la FIM MotoGP\u2122 en attendant qu&rsquo;une audience puisse avoir lieu.<\/p>\n<p>Sur la touche depuis cette chute, il a manqu\u00e9 les Grands Prix du Japon, d&rsquo;Indon\u00e9sie et d&rsquo;Australie ce week-end, o\u00f9 il est remplac\u00e9 par le pilote d&rsquo;essai d&rsquo;Aprilia, Lorenzo Savadori. On sait d\u00e9sormais qu&rsquo;il ne sera pas de retour \u00e0 Sepang, ce qui signifie qu&rsquo;on le reverra au plus t\u00f4t \u00e0 Portim\u00e3o.<\/p>\n<p>\u00a0<\/p>\n","protected":false},"excerpt":{"rendered":"Aprilia confirme que Jorge Mart\u00edn (Aprilia Racing) ne fera pas son retour en piste tout de suite puisque&hellip;\n","protected":false},"author":2,"featured_media":468732,"comment_status":"","ping_status":"","sticky":false,"template":"","format":"standard","meta":{"footnotes":""},"categories":[1413],"tags":[1011,27,1457,1456,60,2032],"class_list":{"0":"post-468731","1":"post","2":"type-post","3":"status-publish","4":"format-standard","5":"has-post-thumbnail","7":"category-moto","8":"tag-fr","9":"tag-france","10":"tag-moto","11":"tag-motocycle","12":"tag-sports","13":"tag-text"},"share_on_mastodon":{"url":"https:\/\/pubeurope.com\/@fr\/115386769964961705","error":""},"_links":{"self":[{"href":"https:\/\/www.europesays.com\/fr\/wp-json\/wp\/v2\/posts\/468731","targetHints":{"allow":["GET"]}}],"collection":[{"href":"https:\/\/www.europesays.com\/fr\/wp-json\/wp\/v2\/posts"}],"about":[{"href":"https:\/\/www.europesays.com\/fr\/wp-json\/wp\/v2\/types\/post"}],"author":[{"embeddable":true,"href":"https:\/\/www.europesays.com\/fr\/wp-json\/wp\/v2\/users\/2"}],"replies":[{"embeddable":true,"href":"https:\/\/www.europesays.com\/fr\/wp-json\/wp\/v2\/comments?post=468731"}],"version-history":[{"count":0,"href":"https:\/\/www.europesays.com\/fr\/wp-json\/wp\/v2\/posts\/468731\/revisions"}],"wp:featuredmedia":[{"embeddable":true,"href":"https:\/\/www.europesays.com\/fr\/wp-json\/wp\/v2\/media\/468732"}],"wp:attachment":[{"href":"https:\/\/www.europesays.com\/fr\/wp-json\/wp\/v2\/media?parent=468731"}],"wp:term":[{"taxonomy":"category","embeddable":true,"href":"https:\/\/www.europesays.com\/fr\/wp-json\/wp\/v2\/categories?post=468731"},{"taxonomy":"post_tag","embeddable":true,"href":"https:\/\/www.europesays.com\/fr\/wp-json\/wp\/v2\/tags?post=468731"}],"curies":[{"name":"wp","href":"https:\/\/api.w.org\/{rel}","templated":true}]}}