{"id":468733,"date":"2025-10-17T00:52:11","date_gmt":"2025-10-17T00:52:11","guid":{"rendered":"https:\/\/www.europesays.com\/fr\/468733\/"},"modified":"2025-10-17T00:52:11","modified_gmt":"2025-10-17T00:52:11","slug":"apple-sapprete-a-signer-avec-la-f1-accord-historique","status":"publish","type":"post","link":"https:\/\/www.europesays.com\/fr\/468733\/","title":{"rendered":"Apple s&rsquo;appr\u00eate \u00e0 signer avec la F1 : Accord historique ?"},"content":{"rendered":"<p><img class=\"lazy\" decoding=\"async\" src=\"https:\/\/www.europesays.com\/fr\/wp-content\/uploads\/2025\/10\/apple-jette-devolu-vers-accord-sportif-historique.jpg\" style=\"max-width:100%;\" title=\"Apple jette son d\u00e9volu sur la F1 : Vers un accord sportif historique ?\" alt=\"apple jette devolu vers accord sportif historique Apple jette son d\u00e9volu sur la F1 : Vers un accord sportif historique ?\"\/><\/p>\n<p><strong>Photo : <\/strong><\/p>\n<p>Apple serait sur le point de signer un contrat de 140 millions de dollars par an pour les droits de diffusion de la F1 aux \u00c9tats-Unis, et Eddy Cue, vice-pr\u00e9sident senior des services chez Apple, n\u2019a pas manqu\u00e9 de l\u2019\u00e9voquer lors de ses r\u00e9centes apparitions m\u00e9diatiques. Alors qu\u2019il parlait des d\u00e9fis du streaming sportif, il a soulign\u00e9 l\u2019importance du \u201cplus de regroupements\u201d pour contrer l\u2019actuelle fragmentation des abonnements.<\/p>\n<p>Lors d\u2019un panel \u00e0 New York organis\u00e9 par Motorsport Network, Cue a critiqu\u00e9 le paysage actuel du streaming sportif en le comparant \u00e0 l\u2019\u00e8re du c\u00e2ble : \u201cNous avons fait marche arri\u00e8re. (\u2026) Avant, un seul abonnement vous donnait acc\u00e8s \u00e0 presque tout. Aujourd\u2019hui, il y a tellement de subscriptions diff\u00e9rentes qu\u2019il faudrait rem\u00e9dier \u00e0 cela.\u201d Bien que Cue n\u2019ait pas r\u00e9v\u00e9l\u00e9 les d\u00e9tails pr\u00e9cis de sa solution, moins de 24 heures apr\u00e8s, Apple a annonc\u00e9 un nouveau pack Apple TV et Peacock, sugg\u00e9rant que les choses bougent.<\/p>\n<p>Concernant la technologie de streaming, Cue a mentionn\u00e9 que \u201csi j\u2019\u00e9tais une ligue, passer d\u2019un partenaire \u00e0 un autre serait facile avec une vraie int\u00e9gration, comme le picture-in-picture. Mais ce n\u2019est pas le cas pour l\u2019instant.\u201d<\/p>\n<p>En ce qui concerne la F1, il semble qu\u2019Eddy Cue ait un faible pour ce sport automobile. \u201cNous aimons vraiment la F1\u201d, a-t-il affirm\u00e9, tout en mentionnant le succ\u00e8s ph\u00e9nom\u00e9nal du film de la F1, le plus rentable de l\u2019histoire pour un film sportif. Selon CNBC, l\u2019annonce des droits de diffusion pourrait avoir lieu ce week-end lors du Grand Prix des \u00c9tats-Unis \u00e0 Austin, confirmant ainsi les rumeurs persistantes.<\/p>\n","protected":false},"excerpt":{"rendered":"Photo : Apple serait sur le point de signer un contrat de 140 millions de dollars par an&hellip;\n","protected":false},"author":2,"featured_media":468734,"comment_status":"","ping_status":"","sticky":false,"template":"","format":"standard","meta":{"footnotes":""},"categories":[1412],"tags":[1451,1452,1453,1454,1455,1011,27,60],"class_list":{"0":"post-468733","1":"post","2":"type-post","3":"status-publish","4":"format-standard","5":"has-post-thumbnail","7":"category-f1","8":"tag-f1","9":"tag-formula-1","10":"tag-formula1","11":"tag-formule-1","12":"tag-formule1","13":"tag-fr","14":"tag-france","15":"tag-sports"},"share_on_mastodon":{"url":"https:\/\/pubeurope.com\/@fr\/115386774353573414","error":""},"_links":{"self":[{"href":"https:\/\/www.europesays.com\/fr\/wp-json\/wp\/v2\/posts\/468733","targetHints":{"allow":["GET"]}}],"collection":[{"href":"https:\/\/www.europesays.com\/fr\/wp-json\/wp\/v2\/posts"}],"about":[{"href":"https:\/\/www.europesays.com\/fr\/wp-json\/wp\/v2\/types\/post"}],"author":[{"embeddable":true,"href":"https:\/\/www.europesays.com\/fr\/wp-json\/wp\/v2\/users\/2"}],"replies":[{"embeddable":true,"href":"https:\/\/www.europesays.com\/fr\/wp-json\/wp\/v2\/comments?post=468733"}],"version-history":[{"count":0,"href":"https:\/\/www.europesays.com\/fr\/wp-json\/wp\/v2\/posts\/468733\/revisions"}],"wp:featuredmedia":[{"embeddable":true,"href":"https:\/\/www.europesays.com\/fr\/wp-json\/wp\/v2\/media\/468734"}],"wp:attachment":[{"href":"https:\/\/www.europesays.com\/fr\/wp-json\/wp\/v2\/media?parent=468733"}],"wp:term":[{"taxonomy":"category","embeddable":true,"href":"https:\/\/www.europesays.com\/fr\/wp-json\/wp\/v2\/categories?post=468733"},{"taxonomy":"post_tag","embeddable":true,"href":"https:\/\/www.europesays.com\/fr\/wp-json\/wp\/v2\/tags?post=468733"}],"curies":[{"name":"wp","href":"https:\/\/api.w.org\/{rel}","templated":true}]}}