{"id":468738,"date":"2025-10-17T00:55:12","date_gmt":"2025-10-17T00:55:12","guid":{"rendered":"https:\/\/www.europesays.com\/fr\/468738\/"},"modified":"2025-10-17T00:55:12","modified_gmt":"2025-10-17T00:55:12","slug":"florent-pagny-devoile-la-raison-de-son-absence-aux-obseques-de-johnny-jaurais-pu","status":"publish","type":"post","link":"https:\/\/www.europesays.com\/fr\/468738\/","title":{"rendered":"Florent Pagny d\u00e9voile la raison de son absence aux obs\u00e8ques de Johnny\u00a0: \u00ab\u00a0J&rsquo;aurais pu&#8230;\u00a0\u00bb"},"content":{"rendered":"<p><strong>Savoir aimer.<\/strong>\u00a0<a href=\"https:\/\/www.journaldesfemmes.fr\/people\/florent-pagny\/\" title=\"Florent Pagny\" rel=\"nofollow noopener\" target=\"_blank\">Florent Pagny<\/a> \u00e9tait absent aux obs\u00e8ques de Johnny qui s&rsquo;\u00e9taient d\u00e9roul\u00e9es en l&rsquo;\u00e9glise de la Madeleine, \u00e0 Paris, en d\u00e9cembre 2017.\u00a0\u00ab\u00a0Je n&rsquo;\u00e9tais pas l\u00e0. J&rsquo;\u00e9tais \u00e0 Dijon, j&rsquo;avais un concert. J&rsquo;aurais pu faire une esp\u00e8ce d&rsquo;aller-retour, mais je n&rsquo;avais pas envie de me montrer \u00e0 ce moment-l\u00e0 et de cette mani\u00e8re-l\u00e0\u00a0\u00bb, a-t-il expliqu\u00e9 dans l&rsquo;\u00e9mission Legend. Le chanteur n&rsquo;a donc pas eu l&rsquo;occasion de porter le cercueil du Taulier : \u00ab\u00a0J&rsquo;ai laiss\u00e9 des gens qui l&rsquo;avaient peut-\u00eatre plus accompagn\u00e9, qui \u00e9taient plus avec lui. Nous, on \u00e9tait des amis de chant, on \u00e9tait amis depuis notre premi\u00e8re rencontre\u00a0\u00bb.<\/p>\n","protected":false},"excerpt":{"rendered":"Savoir aimer.\u00a0Florent Pagny \u00e9tait absent aux obs\u00e8ques de Johnny qui s&rsquo;\u00e9taient d\u00e9roul\u00e9es en l&rsquo;\u00e9glise de la Madeleine, \u00e0&hellip;\n","protected":false},"author":2,"featured_media":468739,"comment_status":"","ping_status":"","sticky":false,"template":"","format":"standard","meta":{"footnotes":""},"categories":[1359],"tags":[59243,51761,58,59,3109,52292,1011,27,1304,51766,1031,973],"class_list":{"0":"post-468738","1":"post","2":"type-post","3":"status-publish","4":"format-standard","5":"has-post-thumbnail","7":"category-people","8":"tag-cms-journaldesfemmes-3244452","9":"tag-controller-content","10":"tag-divertissement","11":"tag-entertainment","12":"tag-florent-pagny","13":"tag-format-reportage","14":"tag-fr","15":"tag-france","16":"tag-johnny-hallyday","17":"tag-les-histoires-du-jdf","18":"tag-magazine","19":"tag-people"},"share_on_mastodon":{"url":"https:\/\/pubeurope.com\/@fr\/115386785765292786","error":""},"_links":{"self":[{"href":"https:\/\/www.europesays.com\/fr\/wp-json\/wp\/v2\/posts\/468738","targetHints":{"allow":["GET"]}}],"collection":[{"href":"https:\/\/www.europesays.com\/fr\/wp-json\/wp\/v2\/posts"}],"about":[{"href":"https:\/\/www.europesays.com\/fr\/wp-json\/wp\/v2\/types\/post"}],"author":[{"embeddable":true,"href":"https:\/\/www.europesays.com\/fr\/wp-json\/wp\/v2\/users\/2"}],"replies":[{"embeddable":true,"href":"https:\/\/www.europesays.com\/fr\/wp-json\/wp\/v2\/comments?post=468738"}],"version-history":[{"count":0,"href":"https:\/\/www.europesays.com\/fr\/wp-json\/wp\/v2\/posts\/468738\/revisions"}],"wp:featuredmedia":[{"embeddable":true,"href":"https:\/\/www.europesays.com\/fr\/wp-json\/wp\/v2\/media\/468739"}],"wp:attachment":[{"href":"https:\/\/www.europesays.com\/fr\/wp-json\/wp\/v2\/media?parent=468738"}],"wp:term":[{"taxonomy":"category","embeddable":true,"href":"https:\/\/www.europesays.com\/fr\/wp-json\/wp\/v2\/categories?post=468738"},{"taxonomy":"post_tag","embeddable":true,"href":"https:\/\/www.europesays.com\/fr\/wp-json\/wp\/v2\/tags?post=468738"}],"curies":[{"name":"wp","href":"https:\/\/api.w.org\/{rel}","templated":true}]}}