{"id":468741,"date":"2025-10-17T00:57:14","date_gmt":"2025-10-17T00:57:14","guid":{"rendered":"https:\/\/www.europesays.com\/fr\/468741\/"},"modified":"2025-10-17T00:57:14","modified_gmt":"2025-10-17T00:57:14","slug":"lunac-une-premiere-bourse-aux-livres-ce-dimanche-au-chateau","status":"publish","type":"post","link":"https:\/\/www.europesays.com\/fr\/468741\/","title":{"rendered":"Lunac. Une premi\u00e8re bourse aux livres ce dimanche au ch\u00e2teau"},"content":{"rendered":"<p>Dimanche 19 octobre, le ch\u00e2teau de Lunac ouvrira ses portes pour un rendez-vous in\u00e9dit : sa toute premi\u00e8re bourse aux livres. Les propri\u00e9taires des lieux, V\u00e9ronique et Rapha\u00ebl Duhem, ont souhait\u00e9 donner vie \u00e0 ce projet original m\u00ealant culture, patrimoine et convivialit\u00e9.<\/p>\n<p>Libraires, bouquinistes, collectionneurs de livres anciens et modernes, passionn\u00e9s de bande dessin\u00e9e ou de disques vinyles se retrouveront dans la cour et les salles du ch\u00e2teau pour une journ\u00e9e plac\u00e9e sous le signe de la d\u00e9couverte et du plaisir de \u00ab\u00a0chiner\u00a0\u00bb. Romans oubli\u00e9s, albums illustr\u00e9s, vinyles rares ou ouvrages d\u2019art : chacun pourra y trouver son tr\u00e9sor, au d\u00e9tour d\u2019un stand ou d\u2019une conversation entre amateurs \u00e9clair\u00e9s.<\/p>\n<p>Cette initiative s\u2019inscrit dans la dynamique culturelle que les nouveaux ch\u00e2telains insufflent depuis leur installation. Entre expositions, rencontres et concerts, le ch\u00e2teau retrouve peu \u00e0 peu son r\u00f4le de lieu d\u2019\u00e9changes et de cr\u00e9ation. Une d\u00e9marche en parfaite harmonie avec l\u2019esprit du village, engag\u00e9 dans la d\u00e9marche de labellisation \u00ab\u00a0Petite cit\u00e9 de caract\u00e8re\u00a0\u00bb.<\/p>\n<p>Soir\u00e9e musicale. Et pour les m\u00e9lomanes, la f\u00eate ne s\u2019arr\u00eate pas l\u00e0 : vendredi 25 octobre, le duo \u00c9ole (guitare et fl\u00fbte traversi\u00e8re) se produira en soir\u00e9e dans le cadre intimiste du ch\u00e2teau.<\/p>\n<p>Une nouvelle occasion d\u2019allier patrimoine et \u00e9motion musicale.<\/p>\n<p>\u00c0 Lunac, les vieilles pierres vibrent \u00e0 nouveau au rythme des mots, des notes et des passions partag\u00e9es.<\/p>\n","protected":false},"excerpt":{"rendered":"Dimanche 19 octobre, le ch\u00e2teau de Lunac ouvrira ses portes pour un rendez-vous in\u00e9dit : sa toute premi\u00e8re&hellip;\n","protected":false},"author":2,"featured_media":468742,"comment_status":"","ping_status":"","sticky":false,"template":"","format":"standard","meta":{"footnotes":""},"categories":[1357],"tags":[1379,58,59,1011,27,1380],"class_list":{"0":"post-468741","1":"post","2":"type-post","3":"status-publish","4":"format-standard","5":"has-post-thumbnail","7":"category-livres","8":"tag-books","9":"tag-divertissement","10":"tag-entertainment","11":"tag-fr","12":"tag-france","13":"tag-livres"},"share_on_mastodon":{"url":"https:\/\/pubeurope.com\/@fr\/115386793624887426","error":""},"_links":{"self":[{"href":"https:\/\/www.europesays.com\/fr\/wp-json\/wp\/v2\/posts\/468741","targetHints":{"allow":["GET"]}}],"collection":[{"href":"https:\/\/www.europesays.com\/fr\/wp-json\/wp\/v2\/posts"}],"about":[{"href":"https:\/\/www.europesays.com\/fr\/wp-json\/wp\/v2\/types\/post"}],"author":[{"embeddable":true,"href":"https:\/\/www.europesays.com\/fr\/wp-json\/wp\/v2\/users\/2"}],"replies":[{"embeddable":true,"href":"https:\/\/www.europesays.com\/fr\/wp-json\/wp\/v2\/comments?post=468741"}],"version-history":[{"count":0,"href":"https:\/\/www.europesays.com\/fr\/wp-json\/wp\/v2\/posts\/468741\/revisions"}],"wp:featuredmedia":[{"embeddable":true,"href":"https:\/\/www.europesays.com\/fr\/wp-json\/wp\/v2\/media\/468742"}],"wp:attachment":[{"href":"https:\/\/www.europesays.com\/fr\/wp-json\/wp\/v2\/media?parent=468741"}],"wp:term":[{"taxonomy":"category","embeddable":true,"href":"https:\/\/www.europesays.com\/fr\/wp-json\/wp\/v2\/categories?post=468741"},{"taxonomy":"post_tag","embeddable":true,"href":"https:\/\/www.europesays.com\/fr\/wp-json\/wp\/v2\/tags?post=468741"}],"curies":[{"name":"wp","href":"https:\/\/api.w.org\/{rel}","templated":true}]}}