{"id":468750,"date":"2025-10-17T01:03:10","date_gmt":"2025-10-17T01:03:10","guid":{"rendered":"https:\/\/www.europesays.com\/fr\/468750\/"},"modified":"2025-10-17T01:03:10","modified_gmt":"2025-10-17T01:03:10","slug":"xavi-le-ballon-dor-de-dembele-est-plus-que-merite","status":"publish","type":"post","link":"https:\/\/www.europesays.com\/fr\/468750\/","title":{"rendered":"Xavi : \u00ab\u00a0Le Ballon d\u2019Or de Demb\u00e9l\u00e9 est plus que m\u00e9rit\u00e9\u00a0\u00bb"},"content":{"rendered":"<p>Xavi a entra\u00een\u00e9 Ousmane Demb\u00e9l\u00e9 pendant deux ans au FC<br \/>\nBarcelone. Il a encens\u00e9 le num\u00e9ro 10 du PSG, qui a m\u00e9rit\u00e9 de<br \/>\nremporter le Ballon d\u2019Or selon lui.\u00a0<\/p>\n<p><strong>Ousmane Demb\u00e9l\u00e9<\/strong> a r\u00e9alis\u00e9 la meilleure saison<br \/>\nde sa carri\u00e8re lors de l\u2019exercice 2024-2025 sous le maillot du<br \/>\n<strong>PSG<\/strong>. L\u2019international fran\u00e7ais a marqu\u00e9 35 buts et<br \/>\nd\u00e9livr\u00e9 16 passes en 53 matches toutes comp\u00e9titions confondues. Il<br \/>\na \u00e9galement \u00e9t\u00e9 l\u2019un des acteurs du sacre en <strong>Ligue des<br \/>\nchampions<\/strong> des Rouge &amp; Bleu. Des performances qui lui ont<br \/>\nvalu de remporter le <strong><a href=\"https:\/\/canal-supporters.com\/dembele-important-de-partager-le-ballon-dor-a-la-maison\/\" title=\"\" rel=\"nofollow noopener\" target=\"_blank\">Ballon d\u2019Or<\/a><\/strong> 2025. <strong>Xavi<\/strong>, son<br \/>\nentra\u00eeneur au <strong>FC Barcelone<\/strong> entre 2021 et 2023,<br \/>\ns\u2019est montr\u00e9 dithyrambique envers l\u2019international fran\u00e7ais.<\/p>\n<p>\u00ab\u00a0C\u2019est un<br \/>\njoueur exceptionnel\u00a0\u00bb<\/p>\n<p>\u00ab\u00a0<strong>Ousmane<\/strong> est un joueur hors norme,<br \/>\nnous le savions d\u00e8s son arriv\u00e9e \u00e0\u00a0<strong>Barcelone<\/strong>.<br \/>\nNous avons vu tout son potentiel, nous avons beaucoup travaill\u00e9<br \/>\npour qu\u2019il se sente \u00e0 l\u2019aise et qu\u2019il soit heureux. Nous avons vu<br \/>\nun joueur avec une grande capacit\u00e9 de progression, une vraie envie<br \/>\nd\u2019apprendre, et il a \u00e9norm\u00e9ment progress\u00e9 avec nous. Puis l\u2019offre<br \/>\ndu <strong>Paris Saint-Germain<\/strong> est arriv\u00e9e, il est parti \u00e0<br \/>\n<strong>Paris<\/strong> et l\u00e0-bas, il a compl\u00e8tement explos\u00e9,<br \/>\nlance <strong>Xavi<\/strong> dans une interview accord\u00e9e \u00e0<br \/>\n<a href=\"https:\/\/www.footmercato.net\/a9114017932340160150-xavi-ousmane-dembele-est-un-joueur-exceptionnel-le-ballon-dor-est-merite\" target=\"_blank\" rel=\"noopener nofollow\" title=\"\">Foot Mercato<\/a>. Il est<br \/>\nheureux l\u00e0-bas, il se sent la star de l\u2019\u00e9quipe, du projet. Et en<br \/>\nplus, ils ont remport\u00e9 la <strong>Ligue des champions<\/strong>, o\u00f9<br \/>\nil a brill\u00e9 avec beaucoup de buts et de passes d\u00e9cisives. Il a fait<br \/>\nla diff\u00e9rence. C\u2019est un joueur exceptionnel, et le <strong>Ballon<br \/>\nd\u2019Or<\/strong> est plus que m\u00e9rit\u00e9.\u00a0\u00bb<\/p>\n<p>A voir aussi : <a href=\"https:\/\/canal-supporters.com\/dembele-cest-le-ballon-dor-de-lequipe\/\" title=\"\" rel=\"nofollow noopener\" target=\"_blank\">Demb\u00e9l\u00e9 : \u00ab\u00a0C\u2019est le Ballon d\u2019Or de<br \/>\nl\u2019\u00e9quipe\u00a0\u00bb<\/a><\/p>\n<p><a href=\"https:\/\/x.com\/CanalSupporters\" target=\"_blank\" rel=\"noopener nofollow\" title=\"\">canalsupporters.com<\/a><\/p>\n<p>\u00ab\u00a0Luis<br \/>\nEnrique veut presser et presser pendant 90 minutes\u00a0\u00bb<\/p>\n<p>Xavi a \u00e9galement \u00e9voqu\u00e9 les similitudes entre le jeu de son<br \/>\nBar\u00e7a et celui du PSG de <strong><a href=\"https:\/\/canal-supporters.com\/paulo-fonseca-admiratif-du-travail-de-luis-enrique-au-psg\/\" title=\"\" rel=\"nofollow noopener\" target=\"_blank\">Luis Enrique<\/a><\/strong>. \u00ab\u00a0C\u2019est assez<br \/>\nsimilaire. Les deux veulent avoir le ballon, les deux veulent \u00eatre<br \/>\nprotagonistes. <strong>Luis Enrique<\/strong>, par exemple, est un<br \/>\nentra\u00eeneur qui ne con\u00e7oit pas le repli. Il veut presser et presser<br \/>\npendant 90 minutes. <strong>Hansi Flick<\/strong>, par exemple, joue<br \/>\navec une ligne d\u00e9fensive tr\u00e8s haute, et chaque tacticien a sa<br \/>\npropre approche. Mais dans le cas de <strong>l\u2019Espagne<\/strong>, il<br \/>\ny a une grande ressemblance avec ce que veulent le<br \/>\n<strong>Bar\u00e7a<\/strong> et le <strong>Paris<br \/>\nSaint-Germain<\/strong>.\u00a0\u00bb<\/p><\/p>\n","protected":false},"excerpt":{"rendered":"Xavi a entra\u00een\u00e9 Ousmane Demb\u00e9l\u00e9 pendant deux ans au FC Barcelone. Il a encens\u00e9 le num\u00e9ro 10 du&hellip;\n","protected":false},"author":2,"featured_media":468751,"comment_status":"","ping_status":"","sticky":false,"template":"","format":"standard","meta":{"footnotes":""},"categories":[9],"tags":[21967,454,81,787,12732,4479,1011,27,921,2782,626,91,92,93,60,96,59244],"class_list":{"0":"post-468750","1":"post","2":"type-post","3":"status-publish","4":"format-standard","5":"has-post-thumbnail","7":"category-sports","8":"tag-ballon-dor-2025","9":"tag-ballon-dor","10":"tag-canal-supporters","11":"tag-cs","12":"tag-dembele","13":"tag-enrique","14":"tag-fr","15":"tag-france","16":"tag-luis-enrique","17":"tag-ousmane-dembele","18":"tag-paris","19":"tag-paris-saint-germain","20":"tag-paris-sg","21":"tag-psg","22":"tag-sports","23":"tag-une","24":"tag-xavi"},"share_on_mastodon":{"url":"https:\/\/pubeurope.com\/@fr\/115386817230469200","error":""},"_links":{"self":[{"href":"https:\/\/www.europesays.com\/fr\/wp-json\/wp\/v2\/posts\/468750","targetHints":{"allow":["GET"]}}],"collection":[{"href":"https:\/\/www.europesays.com\/fr\/wp-json\/wp\/v2\/posts"}],"about":[{"href":"https:\/\/www.europesays.com\/fr\/wp-json\/wp\/v2\/types\/post"}],"author":[{"embeddable":true,"href":"https:\/\/www.europesays.com\/fr\/wp-json\/wp\/v2\/users\/2"}],"replies":[{"embeddable":true,"href":"https:\/\/www.europesays.com\/fr\/wp-json\/wp\/v2\/comments?post=468750"}],"version-history":[{"count":0,"href":"https:\/\/www.europesays.com\/fr\/wp-json\/wp\/v2\/posts\/468750\/revisions"}],"wp:featuredmedia":[{"embeddable":true,"href":"https:\/\/www.europesays.com\/fr\/wp-json\/wp\/v2\/media\/468751"}],"wp:attachment":[{"href":"https:\/\/www.europesays.com\/fr\/wp-json\/wp\/v2\/media?parent=468750"}],"wp:term":[{"taxonomy":"category","embeddable":true,"href":"https:\/\/www.europesays.com\/fr\/wp-json\/wp\/v2\/categories?post=468750"},{"taxonomy":"post_tag","embeddable":true,"href":"https:\/\/www.europesays.com\/fr\/wp-json\/wp\/v2\/tags?post=468750"}],"curies":[{"name":"wp","href":"https:\/\/api.w.org\/{rel}","templated":true}]}}