{"id":468760,"date":"2025-10-17T01:08:13","date_gmt":"2025-10-17T01:08:13","guid":{"rendered":"https:\/\/www.europesays.com\/fr\/468760\/"},"modified":"2025-10-17T01:08:13","modified_gmt":"2025-10-17T01:08:13","slug":"edouard-philippe-plaide-pour-un-depart-anticipe-demmanuel-macron-la-seule-decision-digne","status":"publish","type":"post","link":"https:\/\/www.europesays.com\/fr\/468760\/","title":{"rendered":"\u00c9douard Philippe plaide pour un d\u00e9part anticip\u00e9 d\u2019Emmanuel Macron, la \u00ab\u00a0seule d\u00e9cision digne\u00a0\u00bb"},"content":{"rendered":"<p>        <img decoding=\"async\" loading=\"lazy\" src=\"https:\/\/www.europesays.com\/fr\/wp-content\/uploads\/2025\/10\/3db3536_upload-1-j31kzowtz6kw-capture-da-a-cran-2025-10-16-221758.png\"  width=\"728\" height=\"410\" alt=\"\u00c9douard Philippe a plaid\u00e9, ce jeudi 16\u00a0octobre sur France 2, pour un d\u00e9part anticip\u00e9 d\u2019Emmanuel Macron, la \u00ab\u00a0seule d\u00e9cision digne\u00a0\u00bb.\"\/>  <\/p>\n<p>France 2<\/p>\n<p>\u00c9douard Philippe a plaid\u00e9, ce jeudi 16\u00a0octobre sur France 2, pour un d\u00e9part anticip\u00e9 d\u2019Emmanuel Macron, la \u00ab\u00a0seule d\u00e9cision digne\u00a0\u00bb.<\/p>\n<p class=\"asset asset-text\">POLITIQUE &#8211; L\u2019ancien Premier ministre d\u2019Emmanuel Macron <a href=\"https:\/\/www.huffingtonpost.fr\/politique\/article\/edouard-philippe-appelle-emmanuel-macron-a-organiser-une-presidentielle-anticipee_255691.html\" target=\"_blank\" rel=\"noopener\">persiste et signe<\/a>. Le d\u00e9part anticip\u00e9 du<a href=\"https:\/\/www.huffingtonpost.fr\/politique\/video\/avant-le-grand-oral-de-lecornu-emmanuel-macron-fustige-les-motions-de-dissolution-des-oppositions_255978.html\" target=\"_blank\" rel=\"noopener\"> pr\u00e9sident de la R\u00e9publique <\/a>est \u00ab\u00a0la seule d\u00e9cision digne\u00a0\u00bb \u00e0 prendre, a estim\u00e9 ce jeudi 16\u00a0octobre \u00c9douard Philippe, dans l\u2019\u00e9mission politique L\u2019\u00c9v\u00e8nement, diffus\u00e9e sur France 2.<\/p>\n<p class=\"asset asset-text\">Celui qui est partisan d\u2019une d\u00e9mission du chef de l\u2019\u00c9tat apr\u00e8s l\u2019adoption du budget 2026 a d\u00e9velopp\u00e9\u00a0: \u00ab\u00a0Je n\u2019ai pas pris cette position parce que je pensais que je serais populaire ou parce que j\u2019esp\u00e9rais convaincre le pr\u00e9sident. Le pr\u00e9sident, il a envie d\u2019aller au terme de son mandat, et je peux le comprendre. Je l\u2019ai dit parce que c\u2019est la seule d\u00e9cision digne qui permet d\u2019\u00e9viter 18 mois d\u2019ind\u00e9termination et de crise, qui se terminera mal, je le crains, au pays.\u00a0\u00bb<\/p>\n<p class=\"asset asset-text\">Apr\u00e8s la d\u00e9mission \u00e9clair du premier gouvernement de S\u00e9bastien Lecornu, \u00c9douard Philippe avait d\u00e9j\u00e0 appel\u00e9, le 7\u00a0octobre, sur RTL, \u00e0 l\u2019organisation d\u2019une \u00ab\u00a0<a href=\"https:\/\/www.huffingtonpost.fr\/politique\/article\/ce-sondage-explosif-de-l-ifop-sur-la-presidentielle-2027-ebranle-la-classe-politique_255422.html\" target=\"_blank\" rel=\"noopener\">\u00e9lection pr\u00e9sidentielle anticip\u00e9e<\/a>\u00a0\u00bb. \u00ab\u00a0On ne va pas faire durer ce que nous vivons depuis six mois pendant dix-huit mois encore, c\u2019est beaucoup trop long\u00a0\u00bb, avait justifi\u00e9 le patron d\u2019Horizons.<\/p>\n<p>    \u00ab\u00a0Qui a cr\u00e9\u00e9 cette situation\u00a0?\u00a0\u00bb    <\/p>\n<p class=\"asset asset-text\">\u00ab\u00a0Ce n\u2019est pas simplement une crise politique \u00e0 l\u2019Assembl\u00e9e nationale \u00e0 laquelle nous assistons. C\u2019est une crise tr\u00e8s profonde sur l\u2019autorit\u00e9 de l\u2019\u00c9tat, sur la l\u00e9gitimit\u00e9 des institutions\u00a0\u00bb, a encore argument\u00e9 ce jeudi soir \u00c9douard Philippe.<\/p>\n<p class=\"asset asset-text\">\u00ab\u00a0J\u2019entends le pr\u00e9sident de la R\u00e9publique dire qu\u2019il est le garant de la stabilit\u00e9. Mais, objectivement, qui a cr\u00e9\u00e9 cette situation de tr\u00e8s grande instabilit\u00e9 et pourquoi\u00a0? Il se trouve que c\u2019est lui\u00a0\u00bb, a-t-il ajout\u00e9, d\u00e9plorant \u00ab\u00a0une assembl\u00e9e ingouvernable\u00a0\u00bb, \u00ab\u00a0des politiques publiques qui n\u2019avancent plus, des r\u00e9formes n\u00e9cessaires qui ne sont pas faites\u00a0\u00bb.<\/p>\n<p> La lecture de ce contenu est susceptible d\u2019entra\u00eener un d\u00e9p\u00f4t de cookies de la part de l\u2019op\u00e9rateur tiers qui l\u2019h\u00e9berge. Compte-tenu des choix que vous avez exprim\u00e9s en mati\u00e8re de d\u00e9p\u00f4t de cookies, nous avons bloqu\u00e9 l\u2019affichage de ce contenu. Si vous souhaitez y acc\u00e9der, vous devez accepter la cat\u00e9gorie de cookies \u201cContenus tiers\u201d en cliquant sur le bouton ci-dessous. <\/p>\n<p> Lire la Vid\u00e9o            <\/p>\n<p class=\"asset asset-text\">\u00ab\u00a0Je ne suis pas du tout pour qu\u2019il d\u00e9missionne demain matin, ce serait d\u00e9sastreux\u00a0\u00bb. Mais Emmanuel Macron \u00ab\u00a0devrait peut-\u00eatre, en prenant exemple sur des pr\u00e9d\u00e9cesseurs et notamment le g\u00e9n\u00e9ral De Gaulle, essayer d\u2019organiser un d\u00e9part qui nous \u00e9vite pendant 18 mois de continuer \u00e0 vivre dans cette situation de blocage, d\u2019instabilit\u00e9, d\u2019ind\u00e9termination\u00a0\u00bb, a-t-il insist\u00e9.<\/p>\n<p>    La suspension de la r\u00e9forme des retraites va \u00ab\u00a0trop loin\u00a0\u00bb    <\/p>\n<p class=\"asset asset-text\">\u00ab\u00a0La fragilit\u00e9 des institutions, c\u2019est le maintien de la situation actuelle\u00a0\u00bb, a r\u00e9torqu\u00e9  \u00c9douard Philippe \u00e0 ceux l\u2019accusant d\u2019affaiblir les institutions.<\/p>\n<p class=\"asset asset-text\">Il assure aussi ne pas avoir de \u00ab\u00a0querelle\u00a0\u00bb avec Emmanuel Macron. \u00ab\u00a0Il est venu me chercher, je ne me suis pas roul\u00e9 par terre pour qu\u2019il me nomme\u00a0\u00bb \u00e0 Matignon et apr\u00e8s en avoir \u00e9t\u00e9 \u00ab\u00a0cong\u00e9di\u00e9\u00a0\u00bb en 2020, \u00ab\u00a0je ne me suis pas roul\u00e9 par terre pour rester\u00a0\u00bb. \u00ab\u00a0J\u2019ai cr\u00e9\u00e9 mon parti -il n\u2019y \u00e9tait pas favorable-, j\u2019ai voulu avoir des \u00e9lus en 2022 -il n\u2019y \u00e9tait pas favorable-, j\u2019ai fait sa campagne en 2022 et j\u2019ai toujours dit ce que je pensais, de fa\u00e7on tr\u00e8s loyale\u00a0\u00bb, a-t-il martel\u00e9.<\/p>\n<p class=\"asset asset-text\">La suspension de la r\u00e9forme des retraites est une \u00ab\u00a0concession qui va trop loin\u00a0\u00bb et les parlementaires de son parti Horizons vont \u00ab\u00a0voter contre\u00a0\u00bb, a par ailleurs d\u00e9clar\u00e9  \u00c9douard Philippe, qui a qualifi\u00e9 de \u00ab\u00a0pari risqu\u00e9\u00a0\u00bb l\u2019abandon de l\u2019emploi du 49.3 par S\u00e9bastien Lecornu.<\/p>\n<p class=\"asset asset-text\">Cet appel \u00e0 la d\u00e9mission d\u2019Emmanuel Macron n\u2019a rien de nouveau, tant le maire du\u00a0Havre mise sur une pr\u00e9sidentielle anticip\u00e9e depuis plusieurs mois d\u00e9j\u00e0. Il avait annonc\u00e9 sa candidature pour l\u2019Elys\u00e9e d\u00e8s le mois de septembre\u00a02024.<\/p>\n","protected":false},"excerpt":{"rendered":"France 2 \u00c9douard Philippe a plaid\u00e9, ce jeudi 16\u00a0octobre sur France 2, pour un d\u00e9part anticip\u00e9 d\u2019Emmanuel Macron,&hellip;\n","protected":false},"author":2,"featured_media":468761,"comment_status":"","ping_status":"","sticky":false,"template":"","format":"standard","meta":{"footnotes":""},"categories":[4],"tags":[11,3080,55568,1073,1011,27,594,12,316,25],"class_list":{"0":"post-468760","1":"post","2":"type-post","3":"status-publish","4":"format-standard","5":"has-post-thumbnail","7":"category-france","8":"tag-actualites","9":"tag-edouard-philippe","10":"tag-elections-presidentielles","11":"tag-emmanuel-macron","12":"tag-fr","13":"tag-france","14":"tag-france-2","15":"tag-news","16":"tag-politique","17":"tag-republique-francaise"},"share_on_mastodon":{"url":"https:\/\/pubeurope.com\/@fr\/115386837314476171","error":""},"_links":{"self":[{"href":"https:\/\/www.europesays.com\/fr\/wp-json\/wp\/v2\/posts\/468760","targetHints":{"allow":["GET"]}}],"collection":[{"href":"https:\/\/www.europesays.com\/fr\/wp-json\/wp\/v2\/posts"}],"about":[{"href":"https:\/\/www.europesays.com\/fr\/wp-json\/wp\/v2\/types\/post"}],"author":[{"embeddable":true,"href":"https:\/\/www.europesays.com\/fr\/wp-json\/wp\/v2\/users\/2"}],"replies":[{"embeddable":true,"href":"https:\/\/www.europesays.com\/fr\/wp-json\/wp\/v2\/comments?post=468760"}],"version-history":[{"count":0,"href":"https:\/\/www.europesays.com\/fr\/wp-json\/wp\/v2\/posts\/468760\/revisions"}],"wp:featuredmedia":[{"embeddable":true,"href":"https:\/\/www.europesays.com\/fr\/wp-json\/wp\/v2\/media\/468761"}],"wp:attachment":[{"href":"https:\/\/www.europesays.com\/fr\/wp-json\/wp\/v2\/media?parent=468760"}],"wp:term":[{"taxonomy":"category","embeddable":true,"href":"https:\/\/www.europesays.com\/fr\/wp-json\/wp\/v2\/categories?post=468760"},{"taxonomy":"post_tag","embeddable":true,"href":"https:\/\/www.europesays.com\/fr\/wp-json\/wp\/v2\/tags?post=468760"}],"curies":[{"name":"wp","href":"https:\/\/api.w.org\/{rel}","templated":true}]}}