{"id":468766,"date":"2025-10-17T01:11:12","date_gmt":"2025-10-17T01:11:12","guid":{"rendered":"https:\/\/www.europesays.com\/fr\/468766\/"},"modified":"2025-10-17T01:11:12","modified_gmt":"2025-10-17T01:11:12","slug":"la-chorale-secret-recherche-des-voix-dhommes","status":"publish","type":"post","link":"https:\/\/www.europesays.com\/fr\/468766\/","title":{"rendered":"la chorale Secret recherche des voix d\u2019hommes"},"content":{"rendered":"<p>La chorale st\u00e9phanoise Secret (acronyme de Saint-Etienne chorale rythme et tempo) a tenu son assembl\u00e9e g\u00e9n\u00e9rale mardi 14\u00a0octobre 2025 au soir. Devant la quasi-totalit\u00e9 des 25 adh\u00e9rents, dont deux tr\u00e8s r\u00e9cents ont \u00e9t\u00e9 accueillis chaleureusement, Florence Limbert, au nom du\u00a0bureau coll\u00e9gial, a d\u00e9but\u00e9 la s\u00e9ance par le rapport moral. \u00ab\u00a0Trente\u00a0r\u00e9p\u00e9titions ont eu lieu au cours de l\u2019an&#8230; <\/p>\n<p>    Cet article a \u00e9t\u00e9 tronqu\u00e9. Abonnez-vous pour lire l&rsquo;article complet sur notre site.<\/p>\n<p style=\"margin: 0 !important; padding: 0 !important; font-size: 12px !important;\">Cet article a \u00e9t\u00e9 tronqu\u00e9. Abonnez-vous pour lire l&rsquo;article complet.<\/p>\n<p>    <a href=\"https:\/\/www.lanouvellerepublique.fr\/abonnements\" style=\"display: inline-block; margin-top: 5px !important; padding: 6px 12px !important; background: #cb1c27; color: white; text-decoration: none; border-radius: 4px; font-size: 12px !important;\" target=\"_blank\" rel=\"noopener\"><br \/>\n      S&rsquo;abonner<br \/>\n    <\/a><\/p>\n","protected":false},"excerpt":{"rendered":"La chorale st\u00e9phanoise Secret (acronyme de Saint-Etienne chorale rythme et tempo) a tenu son assembl\u00e9e g\u00e9n\u00e9rale mardi 14\u00a0octobre&hellip;\n","protected":false},"author":2,"featured_media":468767,"comment_status":"","ping_status":"","sticky":false,"template":"","format":"standard","meta":{"footnotes":""},"categories":[9653],"tags":[1111,11,2430,1674,1777,674,1011,27,1393,12,25,4001,13222],"class_list":{"0":"post-468766","1":"post","2":"type-post","3":"status-publish","4":"format-standard","5":"has-post-thumbnail","7":"category-saint-etienne","8":"tag-actu","9":"tag-actualites","10":"tag-auvergne-rhone-alpes","11":"tag-communes","12":"tag-eu","13":"tag-europe","14":"tag-fr","15":"tag-france","16":"tag-loisirs","17":"tag-news","18":"tag-republique-francaise","19":"tag-saint-etienne","20":"tag-saint-etienne-de-chigny"},"share_on_mastodon":{"url":"https:\/\/pubeurope.com\/@fr\/115386848599490851","error":""},"_links":{"self":[{"href":"https:\/\/www.europesays.com\/fr\/wp-json\/wp\/v2\/posts\/468766","targetHints":{"allow":["GET"]}}],"collection":[{"href":"https:\/\/www.europesays.com\/fr\/wp-json\/wp\/v2\/posts"}],"about":[{"href":"https:\/\/www.europesays.com\/fr\/wp-json\/wp\/v2\/types\/post"}],"author":[{"embeddable":true,"href":"https:\/\/www.europesays.com\/fr\/wp-json\/wp\/v2\/users\/2"}],"replies":[{"embeddable":true,"href":"https:\/\/www.europesays.com\/fr\/wp-json\/wp\/v2\/comments?post=468766"}],"version-history":[{"count":0,"href":"https:\/\/www.europesays.com\/fr\/wp-json\/wp\/v2\/posts\/468766\/revisions"}],"wp:featuredmedia":[{"embeddable":true,"href":"https:\/\/www.europesays.com\/fr\/wp-json\/wp\/v2\/media\/468767"}],"wp:attachment":[{"href":"https:\/\/www.europesays.com\/fr\/wp-json\/wp\/v2\/media?parent=468766"}],"wp:term":[{"taxonomy":"category","embeddable":true,"href":"https:\/\/www.europesays.com\/fr\/wp-json\/wp\/v2\/categories?post=468766"},{"taxonomy":"post_tag","embeddable":true,"href":"https:\/\/www.europesays.com\/fr\/wp-json\/wp\/v2\/tags?post=468766"}],"curies":[{"name":"wp","href":"https:\/\/api.w.org\/{rel}","templated":true}]}}