{"id":468770,"date":"2025-10-17T01:14:23","date_gmt":"2025-10-17T01:14:23","guid":{"rendered":"https:\/\/www.europesays.com\/fr\/468770\/"},"modified":"2025-10-17T01:14:23","modified_gmt":"2025-10-17T01:14:23","slug":"il-saccroche-aux-essuie-glaces-dune-voiture-pour-recuperer-son-iphone-vole","status":"publish","type":"post","link":"https:\/\/www.europesays.com\/fr\/468770\/","title":{"rendered":"il s\u2019accroche aux essuie-glaces d\u2019une voiture pour r\u00e9cup\u00e9rer\u00a0son\u00a0iPhone\u00a0vol\u00e9"},"content":{"rendered":"<p>            Par<br \/>\n        <strong><br \/>\n            <a href=\"https:\/\/actu.fr\/auteur\/amandine-mehl\" title=\"Consulter tous les articles de Amandine Mehl\" target=\"_blank\" rel=\"noopener\">Amandine Mehl<\/a><br \/>\n        <\/strong><\/p>\n<p>        Publi\u00e9 le<\/p>\n<p>            16 oct. 2025 \u00e0 18h45<br \/>\n        ; mis \u00e0 jour le 16 oct. 2025 \u00e0 18h47    <\/p>\n<p>Une vente qui ne s\u2019est pas pass\u00e9e comme pr\u00e9vu. Mardi 14\u00a0octobre 2025, aux alentours de 18h, un homme \u00e2g\u00e9 de 30\u00a0ans s\u2019est rendu sur un parking de la <strong>zone commerciale de Houdemont<\/strong> pour y vendre son <strong>iPhone 17<\/strong>.<\/p>\n<p class=\" wall-content\">\u00c2g\u00e9 de 18\u00a0ans, le potentiel acqu\u00e9reur, qui avait r\u00e9pondu \u00e0 l\u2019annonce publi\u00e9e sur Leboncoin, s\u2019est pr\u00e9sent\u00e9, a pris le t\u00e9l\u00e9phone en main\u2026 et <strong>s\u2019est sauv\u00e9 avec<\/strong>. Il a <strong>rejoint son complice<\/strong>, \u00e2g\u00e9 de 19 ans, qui l\u2019attendait un peu plus bas dans une voiture, comme l\u2019indique une source polici\u00e8re.<\/p>\n<p>La victime grimpe sur le capot de la voiture et s\u2019accroche aux essuie-glaces<\/p>\n<p class=\" wall-content\">Le trentenaire, qui a vite compris ce qu\u2019il \u00e9tait en train de se jouer, s\u2019est d\u2019abord <strong>mis devant la voiture<\/strong> pour les bloquer. Voyant que cela ne suffisait pas, <strong>il a grimp\u00e9 sur le capot et s\u2019est accroch\u00e9 aux essuie-glaces<\/strong>. Le conducteur <strong>a parcouru 200\u00a0m\u00e8tres<\/strong> dans l\u2019espoir que l\u2019homme d\u00e9croche, en vain.<\/p>\n<p class=\" wall-content\">Alors que le jeune homme de 18\u00a0ans prenait la fuite et que son complice quittait son si\u00e8ge pour s\u2019expliquer avec le trentenaire, <strong>un t\u00e9moin prenait l\u2019initiative de bloquer la rue<\/strong> avec sa voiture et de <strong>contacter <\/strong>la <a href=\"https:\/\/actu.fr\/tag\/police\" target=\"_blank\" rel=\"noopener\">police<\/a>.<\/p>\n<p>Interpell\u00e9s, les deux auteurs sont inconnus des services de police<\/p>\n<p class=\" wall-content\">Arriv\u00e9es sur place, les forces de l\u2019ordre ont proc\u00e9d\u00e9 \u00e0 <strong>l\u2019interpellation des deux individus<\/strong>. Le t\u00e9l\u00e9phone, qui se trouvait dans la voiture, a \u00e9t\u00e9 <strong>restitu\u00e9 \u00e0 la victime<\/strong>.<\/p>\n<p class=\" wall-content\">Plac\u00e9s en garde \u00e0 vue et <strong>inconnus des services de police<\/strong>, les deux auteurs des faits ont \u00e9t\u00e9 pr\u00e9sent\u00e9s en comparution sur reconnaissance pr\u00e9alable de culpabilit\u00e9 d\u00e9ferrement.<\/p>\n<p class=\" wall-content\">Personnalisez votre actualit\u00e9 en ajoutant vos villes et m\u00e9dias en favori avec <a href=\"https:\/\/moncompte.actu.fr\" title=\"D\u00e9couvez Mon Actu\" rel=\"nofollow noopener\" data-trk=\"{&quot;cta&quot;:{&quot;action&quot;:&quot;https:\\\/\\\/moncompte.actu.fr&quot;,&quot;category&quot;:&quot;mon compte&quot;,&quot;from&quot;:&quot;article footer&quot;,&quot;name&quot;:&quot;Mon actu&quot;,&quot;type&quot;:&quot;cta&quot;}}\" target=\"_blank\">Mon Actu<\/a>.<\/p>\n","protected":false},"excerpt":{"rendered":"Par Amandine Mehl Publi\u00e9 le 16 oct. 2025 \u00e0 18h45 ; mis \u00e0 jour le 16 oct. 2025&hellip;\n","protected":false},"author":2,"featured_media":468771,"comment_status":"","ping_status":"","sticky":false,"template":"","format":"standard","meta":{"footnotes":""},"categories":[9635],"tags":[1111,11,1777,674,118,1011,27,775,1702,12,1072,25],"class_list":{"0":"post-468770","1":"post","2":"type-post","3":"status-publish","4":"format-standard","5":"has-post-thumbnail","7":"category-nancy","8":"tag-actu","9":"tag-actualites","10":"tag-eu","11":"tag-europe","12":"tag-faits-divers","13":"tag-fr","14":"tag-france","15":"tag-grand-est","16":"tag-nancy","17":"tag-news","18":"tag-police","19":"tag-republique-francaise"},"share_on_mastodon":{"url":"https:\/\/pubeurope.com\/@fr\/115386860463661449","error":""},"_links":{"self":[{"href":"https:\/\/www.europesays.com\/fr\/wp-json\/wp\/v2\/posts\/468770","targetHints":{"allow":["GET"]}}],"collection":[{"href":"https:\/\/www.europesays.com\/fr\/wp-json\/wp\/v2\/posts"}],"about":[{"href":"https:\/\/www.europesays.com\/fr\/wp-json\/wp\/v2\/types\/post"}],"author":[{"embeddable":true,"href":"https:\/\/www.europesays.com\/fr\/wp-json\/wp\/v2\/users\/2"}],"replies":[{"embeddable":true,"href":"https:\/\/www.europesays.com\/fr\/wp-json\/wp\/v2\/comments?post=468770"}],"version-history":[{"count":0,"href":"https:\/\/www.europesays.com\/fr\/wp-json\/wp\/v2\/posts\/468770\/revisions"}],"wp:featuredmedia":[{"embeddable":true,"href":"https:\/\/www.europesays.com\/fr\/wp-json\/wp\/v2\/media\/468771"}],"wp:attachment":[{"href":"https:\/\/www.europesays.com\/fr\/wp-json\/wp\/v2\/media?parent=468770"}],"wp:term":[{"taxonomy":"category","embeddable":true,"href":"https:\/\/www.europesays.com\/fr\/wp-json\/wp\/v2\/categories?post=468770"},{"taxonomy":"post_tag","embeddable":true,"href":"https:\/\/www.europesays.com\/fr\/wp-json\/wp\/v2\/tags?post=468770"}],"curies":[{"name":"wp","href":"https:\/\/api.w.org\/{rel}","templated":true}]}}