{"id":468787,"date":"2025-10-17T01:24:16","date_gmt":"2025-10-17T01:24:16","guid":{"rendered":"https:\/\/www.europesays.com\/fr\/468787\/"},"modified":"2025-10-17T01:24:16","modified_gmt":"2025-10-17T01:24:16","slug":"deux-policiers-blesses-apres-une-altercation-entre-jeunes-2","status":"publish","type":"post","link":"https:\/\/www.europesays.com\/fr\/468787\/","title":{"rendered":"Deux policiers bless\u00e9s apr\u00e8s une altercation entre jeunes"},"content":{"rendered":"<p><a href=\"https:\/\/www.20minutes.fr\/dossier\/interpellation\" class=\"c-link c-link--is-underlined\" target=\"_blank\" rel=\"noopener\">Une interpellation<\/a> a \u00e9t\u00e9 muscl\u00e9e mardi en fin de journ\u00e9e sur la dalle Kennedy dans le quartier de Villejean \u00e0 Rennes. Vers 19h30, deux agents de la brigade sp\u00e9cialis\u00e9e de terrain sont intervenus pour mettre fin \u00e0 une altercation entre deux jeunes. Juste avant, la m\u00e8re d\u2019un des jeunes avait appel\u00e9 <a href=\"https:\/\/www.20minutes.fr\/dossier\/police\" class=\"c-link c-link--is-underlined\" target=\"_blank\" rel=\"noopener\">la police<\/a> pour leur signaler que son fils \u00e9tait \u00ab\u00a0retenu sur la dalle pour une dette d\u2019argent\u00a0\u00bb, selon le syndicat Alliance qui r\u00e9v\u00e8le l\u2019affaire.<\/p>\n<p>Lors du contr\u00f4le, l\u2019un des deux individus a refus\u00e9 la palpation et s\u2019est \u00ab\u00a0violemment <a href=\"https:\/\/www.20minutes.fr\/monde\/rebellion\/\" class=\"c-link c-link--is-underlined\" target=\"_blank\" rel=\"noopener\">rebell\u00e9<\/a>.\u00a0\u00bb Lors de son interpellation, deux policiers ont \u00e9t\u00e9 bless\u00e9s, l\u2019un \u00e0 la m\u00e2choire et l\u2019autre \u00e0 la main. Une somme de 5.730 euros en liquide a \u00e9galement \u00e9t\u00e9 d\u00e9couverte sur le jeune homme interpell\u00e9 qui a \u00e9t\u00e9 conduit au commissariat et plac\u00e9 en garde \u00e0 vue.<\/p>\n","protected":false},"excerpt":{"rendered":"Une interpellation a \u00e9t\u00e9 muscl\u00e9e mardi en fin de journ\u00e9e sur la dalle Kennedy dans le quartier de&hellip;\n","protected":false},"author":2,"featured_media":468788,"comment_status":"","ping_status":"","sticky":false,"template":"","format":"standard","meta":{"footnotes":""},"categories":[2821],"tags":[1111,47,11,829,1777,674,118,7641,1011,27,848,11272,12,1072,1556,584,25],"class_list":{"0":"post-468787","1":"post","2":"type-post","3":"status-publish","4":"format-standard","5":"has-post-thumbnail","7":"category-rennes","8":"tag-actu","9":"tag-actualite","10":"tag-actualites","11":"tag-bretagne","12":"tag-eu","13":"tag-europe","14":"tag-faits-divers","15":"tag-faits-divers-rennes","16":"tag-fr","17":"tag-france","18":"tag-ille-et-vilaine","19":"tag-interpellation","20":"tag-news","21":"tag-police","22":"tag-rebellion","23":"tag-rennes","24":"tag-republique-francaise"},"share_on_mastodon":{"url":"https:\/\/pubeurope.com\/@fr\/115386899800692361","error":""},"_links":{"self":[{"href":"https:\/\/www.europesays.com\/fr\/wp-json\/wp\/v2\/posts\/468787","targetHints":{"allow":["GET"]}}],"collection":[{"href":"https:\/\/www.europesays.com\/fr\/wp-json\/wp\/v2\/posts"}],"about":[{"href":"https:\/\/www.europesays.com\/fr\/wp-json\/wp\/v2\/types\/post"}],"author":[{"embeddable":true,"href":"https:\/\/www.europesays.com\/fr\/wp-json\/wp\/v2\/users\/2"}],"replies":[{"embeddable":true,"href":"https:\/\/www.europesays.com\/fr\/wp-json\/wp\/v2\/comments?post=468787"}],"version-history":[{"count":0,"href":"https:\/\/www.europesays.com\/fr\/wp-json\/wp\/v2\/posts\/468787\/revisions"}],"wp:featuredmedia":[{"embeddable":true,"href":"https:\/\/www.europesays.com\/fr\/wp-json\/wp\/v2\/media\/468788"}],"wp:attachment":[{"href":"https:\/\/www.europesays.com\/fr\/wp-json\/wp\/v2\/media?parent=468787"}],"wp:term":[{"taxonomy":"category","embeddable":true,"href":"https:\/\/www.europesays.com\/fr\/wp-json\/wp\/v2\/categories?post=468787"},{"taxonomy":"post_tag","embeddable":true,"href":"https:\/\/www.europesays.com\/fr\/wp-json\/wp\/v2\/tags?post=468787"}],"curies":[{"name":"wp","href":"https:\/\/api.w.org\/{rel}","templated":true}]}}