{"id":46881,"date":"2025-04-23T15:24:08","date_gmt":"2025-04-23T15:24:08","guid":{"rendered":"https:\/\/www.europesays.com\/fr\/46881\/"},"modified":"2025-04-23T15:24:08","modified_gmt":"2025-04-23T15:24:08","slug":"toulouse-cette-rue-tres-frequentee-et-dangereuse-du-centre-ville-va-t-elle-devenir-pietonne","status":"publish","type":"post","link":"https:\/\/www.europesays.com\/fr\/46881\/","title":{"rendered":"Toulouse. Cette rue tr\u00e8s fr\u00e9quent\u00e9e (et dangereuse) du centre-ville va-t-elle devenir pi\u00e9tonne\u00a0?"},"content":{"rendered":"<p>            Par<br \/>\n        <strong><br \/>\n            <a href=\"https:\/\/actu.fr\/auteur\/lea-afonso\" title=\"Consulter tous les articles de L\u00e9a Afonso\" target=\"_blank\" rel=\"noopener\">L\u00e9a Afonso<\/a><br \/>\n        <\/strong><\/p>\n<p>        Publi\u00e9 le<\/p>\n<p>            23 avr. 2025 \u00e0 17h06        <\/p>\n<p>Une question qui se pose. Le secteur de l\u2019<strong>Universit\u00e9 <a href=\"https:\/\/actu.fr\/toulouse\/\" target=\"_blank\" rel=\"noopener\">Toulouse<\/a> Capitole<\/strong> est tr\u00e8s fr\u00e9quent\u00e9 en p\u00e9riode scolaire, notamment par des milliers d\u2019\u00e9tudiants. Une aubaine pour la fac, mais qui peut virer \u00e0 l\u2019enfer pour les jeunes et les professeurs devant<strong> traverser la rue des Puits Creus\u00e9,<\/strong> afin d\u2019aller d\u2019un b\u00e2timent \u00e0 l\u2019autre. Alors cette voie pourrait-elle devenir pi\u00e9tonne\u2009? La question est pos\u00e9e.<\/p>\n<p>    <a href=\"https:\/\/www.google.com\/maps\/embed?pb=!1m18!1m12!1m3!1d2888.965691338148!2d1.4352178773041078!3d43.607255955399694!2m3!1f0!2f0!3f0!3m2!1i1024!2i768!4f13.1!3m3!1m2!1s0x12aebb6725eb2c05%3A0xd728a4b9c29cfbbe!2sRue%20des%20Puits%20Creus%C3%A9s%2C%2031000%20Toulouse!5e0!3m2!1sfr!2sfr!4v1745411203140!5m2!1sfr!2sfr\" title=\"Ouvrie le lien\" target=\"_blank\" rel=\"noopener\">Cliquez ici pour visualiser le contenu<\/a><\/p>\n<p>Esth\u00e9tisme et s\u00e9curit\u00e9<\/p>\n<p class=\" wall-content\">\u00ab\u2009Notre Campus s\u2019\u00e9tend sur plusieurs b\u00e2timents, \u00e0 la fois <strong>c\u00f4t\u00e9 Arsenal et c\u00f4t\u00e9 vieille universit\u00e9<\/strong>, l\u00e0 o\u00f9 \u00e0 l\u2019heure actuelle se trouve TSM. Cette rue des Puits Creus\u00e9s cr\u00e9e vraiment une <strong>limite entre les deux aires<\/strong>\u2009\u00bb, explique Virginie Cellier, directrice du patrimoine de l\u2019Universit\u00e9.<\/p>\n<p class=\" wall-content\">D\u2019autant que cette \u00ab<strong>\u2009voie <\/strong>peut-\u00eatre<strong> tr\u00e8s fr\u00e9quent\u00e9e par les voitures<\/strong>, en raison des nombreuses places de parking. Ajout\u00e9 \u00e0 cela, des trottoirs tr\u00e8s \u00e9troits\u2009\u00bb, poursuit la directrice. Des caract\u00e9ristiques inadapt\u00e9es au flux estudiantin qu\u2019il \u00ab\u2009peut y avoir \u00e0 certaines heures\u2009\u00bb. Au-del\u00e0 de l\u2019esth\u00e9tisme, cette rue semble donc poser un probl\u00e8me de s\u00e9curit\u00e9.<\/p>\n<p>Une envie de la facult\u00e9<\/p>\n<p class=\" wall-content\">La solution pour la fac\u2009:<strong> pi\u00e9tonniser cette rue qui s\u00e9pare<\/strong>. \u00ab\u2009Ce n\u2019est m\u00eame pas \u00e0 l\u2019\u00e9tape de projet pour le moment, il s\u2019agit simplement d\u2019un souhait de notre part. Mais cela permettrait de recr\u00e9er une dynamique de campus, tout en s\u00e9curisant nos \u00e9tudiants\u2009\u00bb, poursuit la directrice.<\/p>\n<p class=\" wall-content\">Une id\u00e9e \u00e0 laquelle la <strong>mairie<\/strong> ne serait pas oppos\u00e9e, bien au contraire selon Maxime Boyer, adjoint au maire\u2009: \u00ab\u2009C\u2019est une<strong> envie tout \u00e0 fait l\u00e9gitime et positive.<\/strong> Le secteur de la facult\u00e9 est incontestablement engag\u00e9 vers la pi\u00e9tonisation. Nous avons <a href=\"https:\/\/actu.fr\/occitanie\/toulouse_31555\/en-images-apres-mois-travaux-nouvelle-place-saint-sernin-prend-forme-toulouse_26467760.html\" target=\"_blank\" rel=\"noopener\">r\u00e9nov\u00e9 la place Saint-Sernin<\/a>, nous sommes en pleine <a href=\"https:\/\/actu.fr\/occitanie\/toulouse_31555\/toulouse-voici-le-nouveau-projet-pour-la-place-arnaud-bernard-et-le-quartier_60900081.html\" target=\"_blank\" rel=\"noopener\">v\u00e9g\u00e9talisation de la place Arnaud Bernard<\/a>, on a <a href=\"https:\/\/actu.fr\/occitanie\/toulouse_31555\/toulouse-le-reamenagement-de-cette-rue-etudiante-entre-dans-une-nouvelle-phase_59880104.html\" target=\"_blank\" rel=\"noopener\">requalifi\u00e9 la rue Valade<\/a>\u2026 ce serait<strong> dans l\u2019int\u00e9r\u00eat du quartier<\/strong>\u2009\u00bb.<\/p>\n<p>Quelle est la faisabilit\u00e9\u2009?<\/p>\n<p class=\" wall-content\">Mais alors, si toutes les parties semblent favorables, le projet peut-il se lancer\u2009? Eh bien\u2026 pas de suite. \u00ab\u2009C\u2019est une r\u00e9flexion qui doit \u00eatre matur\u00e9e, en prenant en compte de nombreux aspects. <strong>Budg\u00e9tairement<\/strong> parlant, ce n\u2019est pas quelque chose qui a \u00e9t\u00e9 r\u00e9fl\u00e9chi par la <strong>municipalit\u00e9<\/strong> actuelle. Cela d\u00e9pendra donc de la <strong>prochaine. <\/strong>De notre c\u00f4t\u00e9, nous nous concentrons sur nos autres projets dans le secteur et les rues alentour \u00bb, relate Maxime Boyer.<\/p>\n<p>Quelles solutions \u00e0 l\u2019heure actuelle\u2009?<\/p>\n<p class=\" wall-content\">Alors si pour le moment rien ne peut \u00eatre lanc\u00e9, la facult\u00e9 tente tout de m\u00eame quelques changements. \u00ab\u2009Avec l\u2019am\u00e9nagement du jardin que nous faisons,<a href=\"https:\/\/actu.fr\/occitanie\/toulouse_31555\/toulouse-ce-grand-parking-pres-du-capitole-va-devenir-un-jardin-les-fouilles-debutent_61366197.html\" target=\"_blank\" rel=\"noopener\"> \u00e0 la place de l\u2019ancien parking<\/a> devant le b\u00e2timent Arsenal, nous allons <strong>reculer notre cl\u00f4ture<\/strong> pour faire des <strong>trottoirs plus grands<\/strong> et privil\u00e9gier la s\u00e9curit\u00e9 de nos \u00e9tudiants\u2009\u00bb, compl\u00e8te Virginie Cellier.<\/p>\n<p class=\" wall-content\">En parall\u00e8le, \u00ab\u2009nous allons<strong> changer l\u2019entr\u00e9e principale des voitures<\/strong> sur notre campus (qui est pour l\u2019heure c\u00f4t\u00e9 Puits Creus\u00e9s), afin de d\u00e9placer le flux\u2009\u00bb. Avec ces am\u00e9nagements, l\u2019Universit\u00e9 tente donc d\u2019amorcer quelques changements qui, elle l\u2019esp\u00e8re, seront p\u00e9rennes \u00e0 terme.<\/p>\n<p class=\" wall-content\">Suivez toute l\u2019actualit\u00e9 de vos villes et m\u00e9dias favoris en vous inscrivant \u00e0 <a href=\"https:\/\/moncompte.actu.fr\" title=\"D\u00e9couvez Mon Actu\" rel=\"nofollow noopener\" data-trk=\"{&quot;cta&quot;:{&quot;action&quot;:&quot;https:\\\/\\\/moncompte.actu.fr&quot;,&quot;category&quot;:&quot;mon compte&quot;,&quot;from&quot;:&quot;article footer&quot;,&quot;name&quot;:&quot;Mon actu&quot;,&quot;type&quot;:&quot;cta&quot;}}\" target=\"_blank\">Mon Actu<\/a>.<\/p>\n","protected":false},"excerpt":{"rendered":"Par L\u00e9a Afonso Publi\u00e9 le 23 avr. 2025 \u00e0 17h06 Une question qui se pose. Le secteur de&hellip;\n","protected":false},"author":2,"featured_media":46882,"comment_status":"","ping_status":"","sticky":false,"template":"","format":"standard","meta":{"footnotes":""},"categories":[2816],"tags":[1111,11,1777,674,1011,27,12,2680,25,104,2312,2086,7171,1352],"class_list":{"0":"post-46881","1":"post","2":"type-post","3":"status-publish","4":"format-standard","5":"has-post-thumbnail","7":"category-toulouse","8":"tag-actu","9":"tag-actualites","10":"tag-eu","11":"tag-europe","12":"tag-fr","13":"tag-france","14":"tag-news","15":"tag-occitanie","16":"tag-republique-francaise","17":"tag-societe","18":"tag-toulouse","19":"tag-travaux","20":"tag-universite-toulouse-1-capitole","21":"tag-urbanisme"},"share_on_mastodon":{"url":"https:\/\/pubeurope.com\/@fr\/114387973810929516","error":""},"_links":{"self":[{"href":"https:\/\/www.europesays.com\/fr\/wp-json\/wp\/v2\/posts\/46881","targetHints":{"allow":["GET"]}}],"collection":[{"href":"https:\/\/www.europesays.com\/fr\/wp-json\/wp\/v2\/posts"}],"about":[{"href":"https:\/\/www.europesays.com\/fr\/wp-json\/wp\/v2\/types\/post"}],"author":[{"embeddable":true,"href":"https:\/\/www.europesays.com\/fr\/wp-json\/wp\/v2\/users\/2"}],"replies":[{"embeddable":true,"href":"https:\/\/www.europesays.com\/fr\/wp-json\/wp\/v2\/comments?post=46881"}],"version-history":[{"count":0,"href":"https:\/\/www.europesays.com\/fr\/wp-json\/wp\/v2\/posts\/46881\/revisions"}],"wp:featuredmedia":[{"embeddable":true,"href":"https:\/\/www.europesays.com\/fr\/wp-json\/wp\/v2\/media\/46882"}],"wp:attachment":[{"href":"https:\/\/www.europesays.com\/fr\/wp-json\/wp\/v2\/media?parent=46881"}],"wp:term":[{"taxonomy":"category","embeddable":true,"href":"https:\/\/www.europesays.com\/fr\/wp-json\/wp\/v2\/categories?post=46881"},{"taxonomy":"post_tag","embeddable":true,"href":"https:\/\/www.europesays.com\/fr\/wp-json\/wp\/v2\/tags?post=46881"}],"curies":[{"name":"wp","href":"https:\/\/api.w.org\/{rel}","templated":true}]}}