{"id":468818,"date":"2025-10-17T01:40:17","date_gmt":"2025-10-17T01:40:17","guid":{"rendered":"https:\/\/www.europesays.com\/fr\/468818\/"},"modified":"2025-10-17T01:40:17","modified_gmt":"2025-10-17T01:40:17","slug":"un-appel-a-temoins-lance-en-urgence","status":"publish","type":"post","link":"https:\/\/www.europesays.com\/fr\/468818\/","title":{"rendered":"un appel \u00e0 t\u00e9moins lanc\u00e9 en urgence"},"content":{"rendered":"<p>            Par<br \/>\n        <strong><br \/>\n            <a href=\"https:\/\/actu.fr\/auteur\/julien-damboise\" title=\"Consulter tous les articles de Julien Damboise\" target=\"_blank\" rel=\"noopener\">Julien Damboise<\/a><br \/>\n        <\/strong><\/p>\n<p>        Publi\u00e9 le<\/p>\n<p>            16 oct. 2025 \u00e0 17h49        <\/p>\n<p><strong>Vive inqui\u00e9tude<\/strong> actuellement entre <a href=\"https:\/\/actu.fr\/lyon\/\" target=\"_blank\" rel=\"noopener\">Lyon<\/a> et Villeurbanne. Ce jeudi 16 octobre 2025, la police a alert\u00e9 de la disparition inqui\u00e9tante d\u2019une <strong>jeune femme mineure<\/strong> depuis quelques jours. Les forces de l\u2019ordre font appel \u00e0 la population, et notamment les personnes en centre-ville, pour tenter de retrouver sa trace.<\/p>\n<p>Disparue depuis 10 jours<\/p>\n<p class=\" wall-content\">Selon la direction interd\u00e9partementale de la police nationale (DIPN) du Rh\u00f4ne,<strong> Celia Mellah<\/strong> a disparu depuis le 6 octobre dernier de la commune de Villeurbanne. Elle n\u2019a pas donn\u00e9 de nouvelle depuis.<\/p>\n<p class=\" wall-content\">Ce qui a pouss\u00e9 les autorit\u00e9s \u00e0 lancer un <a href=\"https:\/\/actu.fr\/tag\/appel-a-temoins\" target=\"_blank\" rel=\"noopener\">appel \u00e0 t\u00e9moins<\/a> 10 jours apr\u00e8s, ce jeudi 16 octobre, alors qu\u2019une <strong>fugue<\/strong> est fortement soup\u00e7onn\u00e9e.<\/p>\n<p>Un signalement diffus\u00e9<\/p>\n<p class=\" wall-content\">La jeune fille, \u00e2g\u00e9e de <strong>17 ans<\/strong>, mesure 1,61 m et a une corpulence normale. Ses cheveux sont noirs, raides et plus longs que sur la photo qui date d\u2019il y a deux ans selon nos informations.<\/p>\n<p class=\" wall-content\">Sa tenue vestimentaire actuelle est ignor\u00e9e, mais elle se balade r\u00e9guli\u00e8rement en legging ou jogging, notent les enqu\u00eateurs. Parmi ses signes particuliers : une <strong>fleur tatou\u00e9e au dos d\u2019une main<\/strong> et un piercing sous l\u2019\u0153il gauche.<\/p>\n<p>Possiblement en Presqu\u2019\u00eele<\/p>\n<p class=\" wall-content\">Celia est susceptible de se rendre en centre-ville, et notamment <strong>dans le 2\u1d49 arrondissement<\/strong> de Lyon. C\u2019est d\u2019ailleurs le commissariat de Lyon 1er qui est en charge des investigations dans le cadre de l\u2019enqu\u00eate ouverte.<\/p>\n<p class=\" wall-content\">Si vous disposez d\u2019informations, vous \u00eates pri\u00e9s de contacter le <strong>04 37 26 25 40<\/strong>.<\/p>\n<p class=\" wall-content\">Personnalisez votre actualit\u00e9 en ajoutant vos villes et m\u00e9dias en favori avec <a href=\"https:\/\/moncompte.actu.fr\" title=\"D\u00e9couvez Mon Actu\" rel=\"nofollow noopener\" data-trk=\"{&quot;cta&quot;:{&quot;action&quot;:&quot;https:\\\/\\\/moncompte.actu.fr&quot;,&quot;category&quot;:&quot;mon compte&quot;,&quot;from&quot;:&quot;article footer&quot;,&quot;name&quot;:&quot;Mon actu&quot;,&quot;type&quot;:&quot;cta&quot;}}\" target=\"_blank\">Mon Actu<\/a>.<\/p>\n","protected":false},"excerpt":{"rendered":"Par Julien Damboise Publi\u00e9 le 16 oct. 2025 \u00e0 17h49 Vive inqui\u00e9tude actuellement entre Lyon et Villeurbanne. Ce&hellip;\n","protected":false},"author":2,"featured_media":468819,"comment_status":"","ping_status":"","sticky":false,"template":"","format":"standard","meta":{"footnotes":""},"categories":[1889],"tags":[1111,11,4260,2430,3676,1777,674,118,1011,27,2428,12,2809,25],"class_list":{"0":"post-468818","1":"post","2":"type-post","3":"status-publish","4":"format-standard","5":"has-post-thumbnail","7":"category-lyon","8":"tag-actu","9":"tag-actualites","10":"tag-appel-a-temoins","11":"tag-auvergne-rhone-alpes","12":"tag-disparition-inquietante","13":"tag-eu","14":"tag-europe","15":"tag-faits-divers","16":"tag-fr","17":"tag-france","18":"tag-lyon","19":"tag-news","20":"tag-presquile","21":"tag-republique-francaise"},"share_on_mastodon":{"url":"https:\/\/pubeurope.com\/@fr\/115386962707968843","error":""},"_links":{"self":[{"href":"https:\/\/www.europesays.com\/fr\/wp-json\/wp\/v2\/posts\/468818","targetHints":{"allow":["GET"]}}],"collection":[{"href":"https:\/\/www.europesays.com\/fr\/wp-json\/wp\/v2\/posts"}],"about":[{"href":"https:\/\/www.europesays.com\/fr\/wp-json\/wp\/v2\/types\/post"}],"author":[{"embeddable":true,"href":"https:\/\/www.europesays.com\/fr\/wp-json\/wp\/v2\/users\/2"}],"replies":[{"embeddable":true,"href":"https:\/\/www.europesays.com\/fr\/wp-json\/wp\/v2\/comments?post=468818"}],"version-history":[{"count":0,"href":"https:\/\/www.europesays.com\/fr\/wp-json\/wp\/v2\/posts\/468818\/revisions"}],"wp:featuredmedia":[{"embeddable":true,"href":"https:\/\/www.europesays.com\/fr\/wp-json\/wp\/v2\/media\/468819"}],"wp:attachment":[{"href":"https:\/\/www.europesays.com\/fr\/wp-json\/wp\/v2\/media?parent=468818"}],"wp:term":[{"taxonomy":"category","embeddable":true,"href":"https:\/\/www.europesays.com\/fr\/wp-json\/wp\/v2\/categories?post=468818"},{"taxonomy":"post_tag","embeddable":true,"href":"https:\/\/www.europesays.com\/fr\/wp-json\/wp\/v2\/tags?post=468818"}],"curies":[{"name":"wp","href":"https:\/\/api.w.org\/{rel}","templated":true}]}}