{"id":468832,"date":"2025-10-17T01:47:12","date_gmt":"2025-10-17T01:47:12","guid":{"rendered":"https:\/\/www.europesays.com\/fr\/468832\/"},"modified":"2025-10-17T01:47:12","modified_gmt":"2025-10-17T01:47:12","slug":"paris-basket-hapoel-tel-aviv-a-quelle-heure-et-sur-quelle-chaine-tv-voir-le-match-de-5e-journee-deuroligue","status":"publish","type":"post","link":"https:\/\/www.europesays.com\/fr\/468832\/","title":{"rendered":"Paris Basket-Hapo\u00ebl Tel Aviv\u00a0: \u00e0 quelle heure et sur quelle cha\u00eene TV voir le match de 5e journ\u00e9e d\u2019Euroligue\u00a0?"},"content":{"rendered":"<p class=\"paragraph text_align_left lp-f-body-02\">Suite de la semaine europ\u00e9enne pour le Paris <a href=\"https:\/\/www.leparisien.fr\/sports\/basket\/\" target=\"_blank\" rel=\"noreferrer nofollow noopener\">Basketball<\/a>. Deux jours apr\u00e8s sa confrontation face aux Espagnols du Baskonia Vitoria, le club de la capitale a rendez-vous avec les Isra\u00e9liens de l\u2019Hapo\u00ebl Tel Aviv, vendredi dans son Adidas Arena (Paris XVIIIe) en 5e journ\u00e9e de phase r\u00e9guli\u00e8re.<\/p>\n<p class=\"paragraph text_align_left lp-f-body-02\">Avec un effectif largement remani\u00e9 depuis le titre de champion de France obtenu il y a quatre mois, <a href=\"https:\/\/www.leparisien.fr\/sports\/basket\/paris-basketball-monaco-94-99-les-monegasques-raflent-la-premiere-manche-du-nouveau-clasico-du-basket-12-10-2025-DMAPBDYN6FC3JPBMYDCEEOLMA4.php\" target=\"_blank\" rel=\"noreferrer nofollow noopener\">les Parisiens de Nadir Hifi<\/a> vont encore tenter de jouer les trouble-f\u00eates cette saison sur la sc\u00e8ne europ\u00e9enne. Pour leur toute premi\u00e8re participation \u00e0 l\u2019Euroligue en 2024-25, ils avaient fait sensation en atteignant les quarts de finale de la plus prestigieuse des comp\u00e9titions de clubs.<\/p>\n<p class=\"paragraph text_align_left lp-f-body-02\"><b>Le coup d\u2019envoi du match Paris Basketball-Hapo\u00ebl Tel Aviv est pr\u00e9vu \u00e0 20h45 ce vendredi 17 octobre. La rencontre sera \u00e0 suivre en direct sur la plate-forme SKWEEK.<\/b><\/p>\n","protected":false},"excerpt":{"rendered":"Suite de la semaine europ\u00e9enne pour le Paris Basketball. Deux jours apr\u00e8s sa confrontation face aux Espagnols du&hellip;\n","protected":false},"author":2,"featured_media":468833,"comment_status":"","ping_status":"","sticky":false,"template":"","format":"standard","meta":{"footnotes":""},"categories":[1888],"tags":[11,1465,1777,674,1011,27,12,626,25,60],"class_list":{"0":"post-468832","1":"post","2":"type-post","3":"status-publish","4":"format-standard","5":"has-post-thumbnail","7":"category-paris","8":"tag-actualites","9":"tag-basket","10":"tag-eu","11":"tag-europe","12":"tag-fr","13":"tag-france","14":"tag-news","15":"tag-paris","16":"tag-republique-francaise","17":"tag-sports"},"share_on_mastodon":{"url":"https:\/\/pubeurope.com\/@fr\/115386990226500464","error":""},"_links":{"self":[{"href":"https:\/\/www.europesays.com\/fr\/wp-json\/wp\/v2\/posts\/468832","targetHints":{"allow":["GET"]}}],"collection":[{"href":"https:\/\/www.europesays.com\/fr\/wp-json\/wp\/v2\/posts"}],"about":[{"href":"https:\/\/www.europesays.com\/fr\/wp-json\/wp\/v2\/types\/post"}],"author":[{"embeddable":true,"href":"https:\/\/www.europesays.com\/fr\/wp-json\/wp\/v2\/users\/2"}],"replies":[{"embeddable":true,"href":"https:\/\/www.europesays.com\/fr\/wp-json\/wp\/v2\/comments?post=468832"}],"version-history":[{"count":0,"href":"https:\/\/www.europesays.com\/fr\/wp-json\/wp\/v2\/posts\/468832\/revisions"}],"wp:featuredmedia":[{"embeddable":true,"href":"https:\/\/www.europesays.com\/fr\/wp-json\/wp\/v2\/media\/468833"}],"wp:attachment":[{"href":"https:\/\/www.europesays.com\/fr\/wp-json\/wp\/v2\/media?parent=468832"}],"wp:term":[{"taxonomy":"category","embeddable":true,"href":"https:\/\/www.europesays.com\/fr\/wp-json\/wp\/v2\/categories?post=468832"},{"taxonomy":"post_tag","embeddable":true,"href":"https:\/\/www.europesays.com\/fr\/wp-json\/wp\/v2\/tags?post=468832"}],"curies":[{"name":"wp","href":"https:\/\/api.w.org\/{rel}","templated":true}]}}