{"id":468836,"date":"2025-10-17T01:49:13","date_gmt":"2025-10-17T01:49:13","guid":{"rendered":"https:\/\/www.europesays.com\/fr\/468836\/"},"modified":"2025-10-17T01:49:13","modified_gmt":"2025-10-17T01:49:13","slug":"guerre-en-ukraine-donald-trump-rencontrera-vladimir-poutine-dans-les-deux-prochaines-semaines-en-hongrie","status":"publish","type":"post","link":"https:\/\/www.europesays.com\/fr\/468836\/","title":{"rendered":"Guerre en Ukraine : Donald Trump rencontrera Vladimir Poutine \u00ab\u00a0dans les deux prochaines semaines\u00a0\u00bb en Hongrie"},"content":{"rendered":"<ul class=\"jsx-862013697 ArticleChapo__List\">\n<li class=\"jsx-862013697 ArticleChapo__List_Item flex\">Donald Trump s&rsquo;est entretenu au t\u00e9l\u00e9phone avec Vladimir Poutine ce jeudi 16 octobre.<\/li>\n<li class=\"jsx-862013697 ArticleChapo__List_Item flex\">Les deux pr\u00e9sidents se rencontreront de nouveau, en Hongrie \u00ab\u00a0dans les deux prochaines semaines\u00a0\u00bb, a annonc\u00e9 le pr\u00e9sident am\u00e9ricain.<\/li>\n<li class=\"jsx-862013697 ArticleChapo__List_Item flex\">Cet appel a eu lieu \u00e0 la veille d&rsquo;une rencontre entre le pr\u00e9sident am\u00e9ricain et Volodymyr Zelensky \u00e0 Washington.<\/li>\n<\/ul>\n<p><a href=\"https:\/\/www.tf1info.fr\/actualite\/guerre-ukraine-russie-une-rencontre-donald-trump-vladimir-poutine-historique-le-vendredi-15-aout-2025-en-alaska-sans-volodymyr-zelensky-14326\/\" rel=\"noopener\" class=\"jsx-484472199 Link jsx-1428418400 jsx-554215408\" target=\"_blank\"><\/p>\n<p style=\"font-weight:400\" class=\"jsx-1837267516\">Suivez la couverture compl\u00e8te<\/p>\n<p style=\"font-weight:800\" class=\"jsx-1837267516\">Ukraine-Russie : l&rsquo;espoir de n\u00e9gociations au point mort<\/p>\n<p><\/a><\/p>\n<p data-module=\"article-paragraph\" class=\"jsx-3046738180 Paragraph\">Le coup de t\u00e9l\u00e9phone a dur\u00e9 2 heures 30. Donald Trump s&rsquo;est entretenu ce jeudi 16 octobre avec Vladimir Poutine \u00e0 la veille de sa rencontre avec <a href=\"https:\/\/www.tf1info.fr\/international\/volodymyr-zelensky-dechoit-de-la-nationalite-ukrainienne-le-maire-d-odessa-soupconne-de-posseder-un-passeport-russe-2400570.html\" target=\"_blank\" rel=\"noopener\">Volodymyr Zelensky (nouvelle fen\u00eatre)<\/a>. \u00c0 l&rsquo;issue de cet appel t\u00e9l\u00e9phonique pendant lequel \u00ab\u00a0de grands progr\u00e8s ont \u00e9t\u00e9 faits\u00a0\u00bb, le pr\u00e9sident am\u00e9ricain a annonc\u00e9 \u00e0 la presse dans le Bureau ovale qu&rsquo;il rencontrerait son homologue russe dans la capitale hongroise, Budapest, \u00ab\u00a0dans les deux prochaines semaines\u00a0\u00bb.\u00a0<\/p>\n<p data-module=\"article-paragraph\" class=\"jsx-3046738180 Paragraph\">\u00ab\u00a0Nous avons d\u00e9cid\u00e9 qu&rsquo;une r\u00e9union de nos conseillers de haut niveau aurait lieu la semaine prochaine. Les premi\u00e8res r\u00e9unions seront dirig\u00e9es par le secr\u00e9taire d&rsquo;\u00c9tat Mario Rubio pour les \u00c9tats-Unis\u00a0\u00bb dans un lieu encore \u00e0 d\u00e9finir, a \u00e9crit un peu plus t\u00f4t le pr\u00e9sident am\u00e9ricain sur Truth Social. \u00ab\u00a0Puis le pr\u00e9sident Poutine et moi-m\u00eame nous r\u00e9unirons dans un endroit d\u00e9j\u00e0 convenu, Budapest, en Hongrie, pour voir si nous pouvons mettre fin \u00e0 cette guerre sans gloire entre la Russie et l&rsquo;Ukraine\u00a0\u00bb, a-t-il ajout\u00e9. Les deux pr\u00e9sidents seront \u00ab\u00a0accueillis par Viktor Orban\u00a0\u00bb, le pr\u00e9sident hongrois, a pr\u00e9cis\u00e9 Donald Trump.\u00a0<\/p>\n<p data-module=\"article-paragraph\" class=\"jsx-3046738180 Paragraph Paragraph__End\">Ce dernier esp\u00e8re que cette rencontre, plus de deux mois apr\u00e8s celle organis\u00e9e en Alaska, permettra de mettre fin \u00e0 la guerre en Ukraine. \u00ab\u00a0Je pensais que mettre fin \u00e0 cette guerre se ferait tr\u00e8s rapidement, qui aurait pu croire que je traiterais le probl\u00e8me au Moyen-Orient avant le probl\u00e8me russo-ukrainien ?\u00a0\u00bb s&rsquo;est-il interrog\u00e9, pr\u00e9cisant faire ces d\u00e9marches pour \u00ab\u00a0aider les Europ\u00e9ens\u00a0\u00bb.<\/p>\n<p>Trump d\u00e9plore les relations \u00ab\u00a0terribles\u00a0\u00bb entre Zelensky et Poutine<\/p>\n<p data-module=\"article-paragraph\" class=\"jsx-3046738180 Paragraph\">Le pr\u00e9sident am\u00e9ricain a par ailleurs d\u00e9plor\u00e9 les relations \u00ab\u00a0terribles\u00a0\u00bb qu&rsquo;entretiennent Volodymyr Zelensky et Vladimir Poutine. \u00ab\u00a0Nous avons un probl\u00e8me, ces deux hommes ne s&rsquo;entendent pas, peut-\u00eatre qu&rsquo;il faudrait qu&rsquo;ils se rencontrent\u00a0\u00bb, a-t-il d\u00e9clar\u00e9, soulignant l&rsquo;importance de \u00ab\u00a0parler au deux parties\u00a0\u00bb.<\/p>\n<p data-module=\"article-paragraph\" class=\"jsx-3046738180 Paragraph Paragraph__End\">Donald Trump profitera de la visite de son homologue ukrainien vendredi \u00e0 la Maison Blanche pour lui parler du \u00ab\u00a0contenu de cet appel\u00a0\u00bb. Volodymyr Zelensky esp\u00e8re que Washington lui fournira des missiles Tomahawk qui lui permettraient de r\u00e9pondre aux attaques russes en frappant loin \u00e0 l&rsquo;int\u00e9rieur du territoire russe. Mais Donald Trump s&rsquo;est montr\u00e9 prudent sur ce point face \u00e0 la presse. Apr\u00e8s avoir indiqu\u00e9 avoir parl\u00e9 de ce sujet avec Vladimir Poutine, il a d\u00e9clar\u00e9 que les \u00c9tats-Unis \u00ab\u00a0ont besoin\u00a0\u00bb de ces armes. \u00ab\u00a0M\u00eame si nous en avons beaucoup, nous ne pouvons pas \u00e9puiser les stocks pour d&rsquo;autres pays, on va voir ce qu&rsquo;on peut faire sur ce point\u00a0\u00bb.<\/p>\n<p><a href=\"https:\/\/www.tf1info.fr\/international\/guerre-en-ukraine-russieeque-sait-on-du-tomahawk-ce-missile-americain-a-tres-longue-portee-capable-d-atteindre-moscou-2383246.html\" rel=\"noopener\" class=\"jsx-3308031228 Link flex\" target=\"_blank\"><img decoding=\"async\" src=\"https:\/\/www.europesays.com\/fr\/wp-content\/uploads\/2025\/10\/test-d-un-missile-tomahawk-iv-en-2002-f64270-1@1x.jpeg\" alt=\"US NAVY \/ AFP\" loading=\"lazy\" importance=\"low\" fetchpriority=\"low\" class=\"\" aria-hidden=\"true\"\/><\/p>\n<p class=\"jsx-3657663356 ReadMoreArticle__Title\">Lire aussi<\/p>\n<p class=\"jsx-3657663356\">Guerre en Ukraine : le Tomahawk, ce missile am\u00e9ricain capable d&rsquo;atteindre Moscou convoit\u00e9 par Kiev<\/p>\n<p><\/a><\/p>\n<p data-module=\"article-paragraph\" class=\"jsx-3046738180 Paragraph\">De son c\u00f4t\u00e9, le Kremlin, qui dit avoir \u00e9t\u00e9 \u00e0 l&rsquo;initiative de cet appel avec Washington, a confirm\u00e9 la future rencontre entre Vladimir Poutine et Donald Trump. Leur \u00e9change a \u00e9t\u00e9 \u00ab\u00a0extr\u00eamement franc et empreint de confiance\u00a0\u00bb.\u00a0<\/p>\n<p data-module=\"article-paragraph\" class=\"jsx-3046738180 Paragraph Paragraph__End\">Pour Andri\u00ef Sybiga, le ministre ukrainien des Affaires \u00e9trang\u00e8res, c&rsquo;est la possible fourniture \u00e0 Kiev des missiles Tomahawk qui a \u00ab\u00a0contraint\u00a0\u00bb Vladimir Poutine \u00ab\u00a0\u00e0 reprendre le dialogue avec l&rsquo;Am\u00e9rique\u00a0\u00bb. Moscou a d&rsquo;ailleurs d\u00e9j\u00e0 averti qu&rsquo;une livraison de ces armements \u00e0 Kiev constituerait une \u00ab\u00a0escalade\u00a0\u00bb de la guerre.\u00a0<\/p>\n<p>Emilie ROUSSEY avec AFP<\/p>\n","protected":false},"excerpt":{"rendered":"Donald Trump s&rsquo;est entretenu au t\u00e9l\u00e9phone avec Vladimir Poutine ce jeudi 16 octobre. Les deux pr\u00e9sidents se rencontreront&hellip;\n","protected":false},"author":2,"featured_media":468837,"comment_status":"","ping_status":"","sticky":false,"template":"","format":"standard","meta":{"footnotes":""},"categories":[1590],"tags":[1111,11,1921,75,1777,674,1922,1916,12,132,220,1917,59253,133,1920,135,134],"class_list":{"0":"post-468836","1":"post","2":"type-post","3":"status-publish","4":"format-standard","5":"has-post-thumbnail","7":"category-ukraine","8":"tag-actu","9":"tag-actualites","10":"tag-article-video","11":"tag-donald-trump","12":"tag-eu","13":"tag-europe","14":"tag-info","15":"tag-moscou","16":"tag-news","17":"tag-russie","18":"tag-ukraine","19":"tag-ukraine-4-annee-de-guerre","20":"tag-ukraine-russie-lespoir-de-negociations-au-point-mort","21":"tag-video","22":"tag-video-international","23":"tag-vladimir-poutine","24":"tag-volodymyr-zelensky"},"share_on_mastodon":{"url":"https:\/\/pubeurope.com\/@fr\/115386998750962595","error":""},"_links":{"self":[{"href":"https:\/\/www.europesays.com\/fr\/wp-json\/wp\/v2\/posts\/468836","targetHints":{"allow":["GET"]}}],"collection":[{"href":"https:\/\/www.europesays.com\/fr\/wp-json\/wp\/v2\/posts"}],"about":[{"href":"https:\/\/www.europesays.com\/fr\/wp-json\/wp\/v2\/types\/post"}],"author":[{"embeddable":true,"href":"https:\/\/www.europesays.com\/fr\/wp-json\/wp\/v2\/users\/2"}],"replies":[{"embeddable":true,"href":"https:\/\/www.europesays.com\/fr\/wp-json\/wp\/v2\/comments?post=468836"}],"version-history":[{"count":0,"href":"https:\/\/www.europesays.com\/fr\/wp-json\/wp\/v2\/posts\/468836\/revisions"}],"wp:featuredmedia":[{"embeddable":true,"href":"https:\/\/www.europesays.com\/fr\/wp-json\/wp\/v2\/media\/468837"}],"wp:attachment":[{"href":"https:\/\/www.europesays.com\/fr\/wp-json\/wp\/v2\/media?parent=468836"}],"wp:term":[{"taxonomy":"category","embeddable":true,"href":"https:\/\/www.europesays.com\/fr\/wp-json\/wp\/v2\/categories?post=468836"},{"taxonomy":"post_tag","embeddable":true,"href":"https:\/\/www.europesays.com\/fr\/wp-json\/wp\/v2\/tags?post=468836"}],"curies":[{"name":"wp","href":"https:\/\/api.w.org\/{rel}","templated":true}]}}