{"id":468838,"date":"2025-10-17T01:50:12","date_gmt":"2025-10-17T01:50:12","guid":{"rendered":"https:\/\/www.europesays.com\/fr\/468838\/"},"modified":"2025-10-17T01:50:12","modified_gmt":"2025-10-17T01:50:12","slug":"les-usa-ont-mene-une-nouvelle-frappe-contre-un-navire-dans-les-caraibes-17-10-2025-a-0148","status":"publish","type":"post","link":"https:\/\/www.europesays.com\/fr\/468838\/","title":{"rendered":"Les USA ont men\u00e9 une nouvelle frappe contre un navire dans les Cara\u00efbes &#8211; 17\/10\/2025 \u00e0 01:48"},"content":{"rendered":"<p>\n par Phil Stewart\n<\/p>\n<p>\n L&rsquo;arm\u00e9e am\u00e9ricaine a<br \/>\nde nouveau men\u00e9 jeudi une frappe dans les Cara\u00efbes contre un<br \/>\nnavire suspect\u00e9 de transporter de la drogue, a d\u00e9clar\u00e9 \u00e0 Reuters<br \/>\nun repr\u00e9sentant am\u00e9ricain, ajoutant qu&rsquo;il y avait des rescap\u00e9s<br \/>\nparmi les personnes qui se trouvaient \u00e0 bord, ce qui pourrait<br \/>\n\u00eatre une premi\u00e8re pour de tels incidents.\n<\/p>\n<p>\n S&rsquo;exprimant sous couvert d&rsquo;anonymat, le repr\u00e9sentant<br \/>\nam\u00e9ricain n&rsquo;a pas fourni de d\u00e9tails suppl\u00e9mentaires \u00e0 propos de<br \/>\nl&rsquo;attaque, qui n&rsquo;avait pas \u00e9t\u00e9 rapport\u00e9e au pr\u00e9alable.\n<\/p>\n<p>\n Aucun commentaire n&rsquo;a \u00e9t\u00e9 obtenu dans l&rsquo;imm\u00e9diat aupr\u00e8s du<br \/>\nd\u00e9partement am\u00e9ricain de la D\u00e9fense.\n<\/p>\n<p>\n De pr\u00e9c\u00e9dentes frappes effectu\u00e9es par les Etats-Unis contre<br \/>\ndes navires au large du Venezuela ont tu\u00e9 au moins 27 personnes<br \/>\nau total. Ces incidents ont alert\u00e9 plusieurs experts juridiques<br \/>\nainsi que des \u00e9lus du Parti d\u00e9mocrate, qui disent douter de la<br \/>\nl\u00e9galit\u00e9 de telles attaques.\n<\/p>\n<p>\n L&rsquo;administration du pr\u00e9sident am\u00e9ricain Donald Trump, qui a<br \/>\nconfirm\u00e9 mercredi avoir autoris\u00e9 la CIA \u00e0 mener des op\u00e9rations<br \/>\nclandestines au Venezuela, justifie ses actions par le fait que<br \/>\nles Etats-Unis se trouvent selon elle \u00ab\u00a0en guerre\u00a0\u00bb avec les<br \/>\ncartels de drogue v\u00e9n\u00e9zu\u00e9liens, ce qui rend les frappes<br \/>\nl\u00e9gitimes.\n<\/p>\n<p>\n Sur des vid\u00e9os de pr\u00e9c\u00e9dentes attaques, pr\u00e9sent\u00e9es par<br \/>\nl&rsquo;administration Trump, on peut voir des navires \u00eatre<br \/>\ncompl\u00e8tement d\u00e9truits, sans qu&rsquo;aucun survivant ne soit signal\u00e9.\n<\/p>\n<p>\n Donald Trump a ordonn\u00e9 le renforcement des capacit\u00e9s<br \/>\nmilitaires am\u00e9ricaines dans les Cara\u00efbes, o\u00f9 l&rsquo;arm\u00e9e dispose<br \/>\nnotamment d&rsquo;avions de chasse F-35, d&rsquo;un sous-marin nucl\u00e9aire et<br \/>\nd&rsquo;environ 6.500 soldats, dans ce qui constitue une escalade de<br \/>\nla confrontation entre le pr\u00e9sident am\u00e9ricain et le gouvernement<br \/>\ndu pr\u00e9sident v\u00e9n\u00e9zu\u00e9lien Nicolas Maduro.\n<\/p>\n<p>\n (Phil Stewart, avec la contribution d&rsquo;Idrees Ali; version<br \/>\nfran\u00e7aise Jean Terzian)<\/p>\n","protected":false},"excerpt":{"rendered":"par Phil Stewart L&rsquo;arm\u00e9e am\u00e9ricaine a de nouveau men\u00e9 jeudi une frappe dans les Cara\u00efbes contre un navire&hellip;\n","protected":false},"author":2,"featured_media":2486,"comment_status":"","ping_status":"","sticky":false,"template":"","format":"standard","meta":{"footnotes":""},"categories":[1589],"tags":[400,11,398,408,405,73,1866,403,402,399,404,12,401,406,1864,1865,1863,308,407],"class_list":{"0":"post-468838","1":"post","2":"type-post","3":"status-publish","4":"format-standard","5":"has-post-thumbnail","7":"category-etats-unis","8":"tag-action-cac-40","9":"tag-actualites","10":"tag-bourse-de-paris","11":"tag-boursorama","12":"tag-cotations","13":"tag-etats-unis","14":"tag-etats-unis-damerique","15":"tag-indices-devises","16":"tag-investir","17":"tag-investissement","18":"tag-marche-boursier","19":"tag-news","20":"tag-sicav","21":"tag-trackers","22":"tag-united-states","23":"tag-united-states-of-america","24":"tag-us","25":"tag-usa","26":"tag-warrants"},"share_on_mastodon":{"url":"https:\/\/pubeurope.com\/@fr\/115387002229187312","error":""},"_links":{"self":[{"href":"https:\/\/www.europesays.com\/fr\/wp-json\/wp\/v2\/posts\/468838","targetHints":{"allow":["GET"]}}],"collection":[{"href":"https:\/\/www.europesays.com\/fr\/wp-json\/wp\/v2\/posts"}],"about":[{"href":"https:\/\/www.europesays.com\/fr\/wp-json\/wp\/v2\/types\/post"}],"author":[{"embeddable":true,"href":"https:\/\/www.europesays.com\/fr\/wp-json\/wp\/v2\/users\/2"}],"replies":[{"embeddable":true,"href":"https:\/\/www.europesays.com\/fr\/wp-json\/wp\/v2\/comments?post=468838"}],"version-history":[{"count":0,"href":"https:\/\/www.europesays.com\/fr\/wp-json\/wp\/v2\/posts\/468838\/revisions"}],"wp:featuredmedia":[{"embeddable":true,"href":"https:\/\/www.europesays.com\/fr\/wp-json\/wp\/v2\/media\/2486"}],"wp:attachment":[{"href":"https:\/\/www.europesays.com\/fr\/wp-json\/wp\/v2\/media?parent=468838"}],"wp:term":[{"taxonomy":"category","embeddable":true,"href":"https:\/\/www.europesays.com\/fr\/wp-json\/wp\/v2\/categories?post=468838"},{"taxonomy":"post_tag","embeddable":true,"href":"https:\/\/www.europesays.com\/fr\/wp-json\/wp\/v2\/tags?post=468838"}],"curies":[{"name":"wp","href":"https:\/\/api.w.org\/{rel}","templated":true}]}}