{"id":468843,"date":"2025-10-17T01:53:18","date_gmt":"2025-10-17T01:53:18","guid":{"rendered":"https:\/\/www.europesays.com\/fr\/468843\/"},"modified":"2025-10-17T01:53:18","modified_gmt":"2025-10-17T01:53:18","slug":"verif-le-budget-de-la-france-est-il-deja-fixe-par-leurope-jusquen-2031","status":"publish","type":"post","link":"https:\/\/www.europesays.com\/fr\/468843\/","title":{"rendered":"V\u00c9RIF&rsquo; &#8211; Le budget de la France est-il d\u00e9j\u00e0 fix\u00e9 par l&rsquo;Europe jusqu&rsquo;en 2031 ?"},"content":{"rendered":"<ul class=\"jsx-862013697 ArticleChapo__List\">\n<li class=\"jsx-862013697 ArticleChapo__List_Item flex\">Des publications en ligne assurent que le budget de la France serait fix\u00e9 par l&rsquo;Europe jusqu&rsquo;en 2031.<\/li>\n<li class=\"jsx-862013697 ArticleChapo__List_Item flex\">Une rumeur qui s&rsquo;appuie sur un courrier authentique du Tr\u00e9sor fran\u00e7ais.<\/li>\n<li class=\"jsx-862013697 ArticleChapo__List_Item flex\">Sauf que les internautes confondent recommandations et contraintes.<\/li>\n<\/ul>\n<p><a href=\"https:\/\/www.tf1info.fr\/actualite\/les-verificateurs-12325\/\" rel=\"noopener\" class=\"jsx-484472199 Link jsx-1428418400 jsx-1910851033\" target=\"_blank\"><\/p>\n<p style=\"font-weight:400\" class=\"jsx-1837267516\">Suivez la couverture compl\u00e8te<\/p>\n<p style=\"font-weight:800\" class=\"jsx-1837267516\">L&rsquo;info pass\u00e9e au crible des V\u00e9rificateurs<\/p>\n<p><\/a><\/p>\n<p data-module=\"article-paragraph\" class=\"jsx-3046738180 Paragraph Paragraph__End\">La bataille actuelle autour du budget serait-elle vaine ? C&rsquo;est ce que pr\u00e9tendent plusieurs internautes depuis le samedi 11 octobre. Alors que le gouvernement Lecornu entame les n\u00e9gociations sur le budget, certains assurent que les jeux sont d\u00e9j\u00e0 faits. \u00ab\u00a0Les budgets 2026, 2027, 2028, 2029, 2030 et 2031 ont d\u00e9j\u00e0 \u00e9t\u00e9 fix\u00e9s par l&rsquo;UE\u00a0\u00bb, s&rsquo;insurge par exemple Florian Philippot. <a href=\"https:\/\/archive.ph\/zdKD4\" target=\"_blank\" rel=\"nofollow noopener\">Dans son message (nouvelle fen\u00eatre)<\/a>, ce partisan du \u00ab\u00a0Frexit\u00a0\u00bb \u00e9voque une \u00ab\u00a0lettre du Tr\u00e9sor fran\u00e7ais\u00a0\u00bb, qu&rsquo;il invite tout le monde \u00e0 \u00ab\u00a0diffuser partout face au sketch actuel\u00a0\u00bb. De quoi alimenter les sp\u00e9culations, comme celle d&rsquo;un internaute qui y voit un \u00ab\u00a0acte de d\u00e9c\u00e8s de la souverainet\u00e9 budg\u00e9taire\u00a0\u00bb.<\/p>\n<p><img decoding=\"async\" src=\"https:\/\/www.europesays.com\/fr\/wp-content\/uploads\/2025\/10\/verif-fake-news-sur-le-budget-7971ad-0@1x.jpeg\" alt=\"Florian Philippot affirme \u00e0 tort que le budget de la France est &quot;fix\u00e9&quot; par l'UE jusqu'en 2031 - Capture d'\u00e9cran\" loading=\"lazy\" importance=\"low\" fetchpriority=\"low\" class=\"\" data-module=\"article-image\"\/>Florian Philippot affirme \u00e0 tort que le budget de la France est \u00ab\u00a0fix\u00e9\u00a0\u00bb par l&rsquo;UE jusqu&rsquo;en 2031 &#8211; Capture d&rsquo;\u00e9cran<\/p>\n<p data-module=\"article-paragraph\" class=\"jsx-3046738180 Paragraph Paragraph__End\">Pour preuve, le souverainiste cite la publication d&rsquo;un ancien avocat qui se pr\u00e9sente comme un \u00ab\u00a0sp\u00e9cialiste de l&rsquo;UE\u00a0\u00bb. Le document, visiblement sign\u00e9 par le directeur g\u00e9n\u00e9ral du Tr\u00e9sor, est destin\u00e9 \u00e0 la Commission europ\u00e9enne. Un courrier qui d\u00e9montrerait que \u00ab\u00a0la France a d\u00e9j\u00e0 un gouvernement technique\u00a0\u00bb. Selon l&rsquo;auteur, Bruxelles \u00ab\u00a0fixe le montant total autoris\u00e9 des d\u00e9penses nettes pour chaque ann\u00e9e jusqu&rsquo;\u00e0 2031\u00a0\u00bb. Plafond de d\u00e9penses que la France ne pourrait pas d\u00e9passer sous peine de voir \u00ab\u00a0ses fonds europ\u00e9ens (notre argent) gel\u00e9s\u00a0\u00bb.<\/p>\n<p>Un document authentique&#8230;<\/p>\n<p data-module=\"article-paragraph\" class=\"jsx-3046738180 Paragraph\">La source de cette information est \u00e0 prendre avec pr\u00e9caution. Partag\u00e9e par des comptes souverainistes et partisans d&rsquo;une sortie de l&rsquo;Union europ\u00e9enne (UE), elle provient \u00e0 l&rsquo;origine d&rsquo;un auteur sur un blog r\u00e9guli\u00e8rement point\u00e9 du doigt pour ses contenus pro-russes, lanc\u00e9 par Olivier Berruyer. C&rsquo;est lui qui, avec une quinzaine d&rsquo;autres personnes, avait particip\u00e9 \u00e0 une r\u00e9union aux c\u00f4t\u00e9s du ministre russe des Affaires \u00e9trang\u00e8res <a href=\"https:\/\/archive.ph\/kt3FM  \" target=\"_blank\" rel=\"nofollow noopener\">en 2019 (nouvelle fen\u00eatre)<\/a> et a \u00e9t\u00e9 <a href=\"https:\/\/www.assemblee-nationale.fr\/dyn\/16\/comptes-rendus\/ceingeren\/l16ceingeren2223022_compte-rendu#   \" target=\"_blank\" rel=\"nofollow noopener\">accus\u00e9 de participer (nouvelle fen\u00eatre)<\/a> \u00e0 la diffusion de la propagande russe en France.<\/p>\n<p data-module=\"article-paragraph\" class=\"jsx-3046738180 Paragraph Paragraph__End\">Alors que sait-on r\u00e9ellement de cette rumeur ? La lettre parait en tout cas authentique, selon les experts interrog\u00e9s. Elle est d&rsquo;ailleurs mentionn\u00e9e d\u00e8s le 21 janvier dans <a href=\"https:\/\/eur-lex.europa.eu\/legal-content\/FR\/TXT\/PDF\/?uri=OJ:C_202500659 \" target=\"_blank\" rel=\"nofollow noopener\">le Journal officiel de l&rsquo;Union europ\u00e9enne (nouvelle fen\u00eatre)<\/a>. \u00c0 la deuxi\u00e8me page, on y lit que, le 16 janvier 2025, la France a demand\u00e9 \u00ab\u00a0par lettre du directeur g\u00e9n\u00e9ral du Tr\u00e9sor\u00a0\u00bb une adaptation de la trajectoire des d\u00e9penses nettes. \u00a0Et si ce courrier n&rsquo;avait rien de secret, c&rsquo;est qu&rsquo;il ne d\u00e9voile rien de cach\u00e9.<\/p>\n<p>&#8230; mais mal interpr\u00e9t\u00e9<\/p>\n<p data-module=\"article-paragraph\" class=\"jsx-3046738180 Paragraph\">Pour tout comprendre \u00e0 cette rumeur, il faut d&rsquo;abord rappeler que d\u00e8s la cr\u00e9ation de l&rsquo;union mon\u00e9taire &#8211; en 1992 &#8211; les \u00c9tats membres ont toujours d\u00fb prendre des engagements, notamment budg\u00e9taires. Parmi eux, ceux pr\u00e9sents dans le <a href=\"https:\/\/eur-lex.europa.eu\/legal-content\/FR\/TXT\/?uri=LEGISSUM:stability_growth_pact\" target=\"_blank\" rel=\"nofollow noopener\">Pacte de stabilit\u00e9 et de croissance (nouvelle fen\u00eatre)<\/a>. Adopt\u00e9 en 1997, il pr\u00e9voit une \u00ab\u00a0surveillance multilat\u00e9rale\u00a0\u00bb des objectifs budg\u00e9taires de chaque membre de la zone euro ainsi qu&rsquo;un volet coercitif. Celui-l\u00e0 limite pour chaque \u00c9tat membre le d\u00e9ficit public \u00e0 3% du PIB et la dette \u00e0 60% du PIB, sauf circonstances exceptionnelles.<\/p>\n<p data-module=\"article-paragraph\" class=\"jsx-3046738180 Paragraph\">V\u00e9ritable instrument de gouvernance \u00e9conomique de la zone euro, il \u00ab\u00a0vise \u00e0 pr\u00e9venir et \u00e0 corriger les d\u00e9s\u00e9quilibres\u00a0\u00bb qui pourraient \u00ab\u00a0affaiblir les \u00e9conomies nationales\u00a0\u00bb, comme nous l&rsquo;explique Federica Rassu. Ma\u00eetre de conf\u00e9rence en droit public \u00e0 l&rsquo;Universit\u00e9 de Poitiers, elle nous rappelle que l&rsquo;objectif est d&rsquo;\u00e9viter \u00e0 toute la zone de p\u00e2tir de la <a href=\"https:\/\/www.tf1info.fr\/economie\/video-reportage-dette-record-de-la-france-voici-a-combien-elle-equivaut-pour-un-menage-de-4-personnes-2396750.html\" target=\"_blank\" rel=\"noopener\">situation \u00e9conomique (nouvelle fen\u00eatre)<\/a> d&rsquo;un seul pays, les \u00e9conomies \u00e9tant \u00ab\u00a0d\u00e9sormais li\u00e9es, avec le march\u00e9 int\u00e9rieur\u00a0\u00bb.<\/p>\n<p data-module=\"article-paragraph\" class=\"jsx-3046738180 Paragraph Paragraph__End\">Une gouvernance qui n&rsquo;est toutefois \u00ab\u00a0pas tr\u00e8s contraignante\u00a0\u00bb, souligne l&rsquo;autrice de <a href=\"https:\/\/www.lgdj.fr\/l-essentiel-de-l-introduction-au-droit-europeen-9782297265546.html\" target=\"_blank\" rel=\"nofollow noopener\">L&rsquo;essentiel de l&rsquo;introduction au droit europ\u00e9en (nouvelle fen\u00eatre)<\/a> (\u00e9d. Gualino). Car m\u00eame s&rsquo;il y a une seule monnaie, \u00ab\u00a0chaque \u00c9tat g\u00e8re son \u00e9conomie et son budget\u00a0\u00bb. Contrairement \u00e0 la politique mon\u00e9taire, la politique budg\u00e9taire demeure en effet <a href=\"https:\/\/www.vie-publique.fr\/fiches\/21801-quest-ce-que-le-pacte-de-stabilite-et-de-croissance-psc#:~:text=budg%C3%A9taire%20demeure%20une%20comp%C3%A9tence%20des%20%C3%89tats%20membres\" target=\"_blank\" rel=\"nofollow noopener\">une comp\u00e9tence nationale (nouvelle fen\u00eatre)<\/a>. Pour preuve, depuis plus de vingt ans, la fameuse norme des 3% n&rsquo;a jamais \u00e9t\u00e9 respect\u00e9e par la totalit\u00e9 des pays. \u00c0 commencer par la France, qui a enregistr\u00e9 entre 2007 et 2017 des d\u00e9ficits syst\u00e9matiquement sup\u00e9rieurs \u00e0 3% de son PIB, comme <a href=\"https:\/\/www.insee.fr\/fr\/outil-interactif\/5367857\/details\/10_ECC\/15_FIN\/15A_Figure1\" target=\"_blank\" rel=\"noopener\">le montre l&rsquo;Insee (nouvelle fen\u00eatre)<\/a>.<\/p>\n<p><a href=\"https:\/\/www.tf1info.fr\/international\/les-etats-europeens-ont-ils-desobei-a-plusieurs-reprises-aux-regles-de-l-ue-en-matiere-de-deficit-2219397.html\" rel=\"noopener\" class=\"jsx-3308031228 Link flex\" target=\"_blank\"><img decoding=\"async\" src=\"https:\/\/www.europesays.com\/fr\/wp-content\/uploads\/2025\/10\/le-parlement-europeen-le-7-juin-2021-76db17-0@1x.jpeg\" alt=\"Le Parlement europ\u00e9en le 7 juin 2021.\" loading=\"lazy\" importance=\"low\" fetchpriority=\"low\" class=\"\" aria-hidden=\"true\"\/><\/p>\n<p class=\"jsx-3657663356 ReadMoreArticle__Title\">Lire aussi<\/p>\n<p class=\"jsx-3657663356\">V\u00c9RIF&rsquo; &#8211; Les \u00c9tats europ\u00e9ens ont-ils \u00ab\u00a0d\u00e9sob\u00e9i\u00a0\u00bb \u00e0 plusieurs reprises aux r\u00e8gles de l&rsquo;UE en mati\u00e8re de d\u00e9ficit\u202f?<\/p>\n<p><\/a><\/p>\n<p data-module=\"article-paragraph\" class=\"jsx-3046738180 Paragraph\">Alors que signifie r\u00e9ellement cette lettre du Tr\u00e9sor ? Interrog\u00e9e \u00e0 ce sujet, l&rsquo;administration fran\u00e7aise n&rsquo;est pas revenue vers nous dans l&rsquo;imm\u00e9diat. Cependant, Federica Rassu nous l&rsquo;explique. Celle-ci s&rsquo;inscrit dans le volet \u00ab\u00a0pr\u00e9ventif\u00a0\u00bb du Pacte de stabilit\u00e9 et de croissance. Dans ce cadre, \u00ab\u00a0tous les \u00c9tats membres sont invit\u00e9s \u00e0 \u00e9laborer un plan budg\u00e9taire et structurel national \u00e0 moyen terme\u00a0\u00bb, soit sur quatre \u00e0 cinq ans, selon la dur\u00e9e des mandats nationaux, nous pr\u00e9cise la chercheuse. \u00ab\u00a0Chaque \u00c9tat membre s&rsquo;engage ensuite \u00e0 suivre une trajectoire pluriannuelle des d\u00e9penses publiques nettes et\u00a0explique comment les investissements seront r\u00e9alis\u00e9s\u00a0\u00bb, poursuit-elle, justifiant ainsi la pr\u00e9sence d&rsquo;un tableau s&rsquo;\u00e9talant jusqu&rsquo;en 2031.<\/p>\n<p data-module=\"article-paragraph\" class=\"jsx-3046738180 Paragraph\">Concernant les \u00c9tats membres qui ne pourront pas maintenir leur d\u00e9ficit public <a href=\"https:\/\/www.tf1info.fr\/international\/les-etats-europeens-ont-ils-desobei-a-plusieurs-reprises-aux-regles-de-l-ue-en-matiere-de-deficit-2219397.html\" target=\"_blank\" rel=\"noopener\">sous les seuils de 3% du PIB (nouvelle fen\u00eatre)<\/a> (et leur dette publique sous les 60%), ils doivent \u00e9galement pr\u00e9senter \u00e0 la Commission une \u00ab\u00a0strat\u00e9gie cr\u00e9dible pour remettre en quelques ann\u00e9es les finances dans les clous\u00a0\u00bb. La lettre du Tr\u00e9sor explique pr\u00e9cis\u00e9ment \u00ab\u00a0comment la France envisage de respecter ces r\u00e8gles\u00a0\u00bb, conclut la sp\u00e9cialiste.<\/p>\n<p data-module=\"article-paragraph\" class=\"jsx-3046738180 Paragraph Paragraph__End\">Des trajectoires qui ne rev\u00eatent pas de caract\u00e8re obligatoire. Si un pays ne s&rsquo;y plie \u00a0pas et d\u00e9passe les diff\u00e9rents seuils fix\u00e9s par le Pacte de stabilit\u00e9 et de croissance, il peut toutefois \u00eatre la cible de sanctions \u00e9conomiques. En th\u00e9orie. Car en pratique, cette mesure n&rsquo;a \u00e9t\u00e9 impos\u00e9e que deux fois dans l&rsquo;histoire de l&rsquo;Union europ\u00e9enne, comme nous l&rsquo;\u00e9crivions dans <a href=\"https:\/\/www.tf1info.fr\/international\/les-etats-europeens-ont-ils-desobei-a-plusieurs-reprises-aux-regles-de-l-ue-en-matiere-de-deficit-2219397.html\" target=\"_blank\" rel=\"noopener\">cet article (nouvelle fen\u00eatre)<\/a>. En 2016, Portugal et Espagne ont \u00e9cop\u00e9 d&rsquo;une amende purement symbolique de&#8230; z\u00e9ro euro.<\/p>\n<p>D\u00c9CRYPTAGE &#8211; \u00ab\u00a0France, toujours plus de d\u00e9ficit\u00a0\u00bb ? Source : JT 20h Semaine<\/p>\n<p><a href=\"https:\/\/www.tf1info.fr\/economie\/videos\/video-page-speciale-france-toujours-plus-de-deficit-2365113.html\" rel=\"noopener\" aria-label=\"07:53 D\u00c9CRYPTAGE - &quot;France, toujours plus de d\u00e9ficit&quot; ? \" class=\"jsx-484472199 Link\" target=\"_blank\"><img decoding=\"async\" src=\"https:\/\/www.europesays.com\/fr\/wp-content\/uploads\/2025\/10\/page-speciale-france-toujours-plus-de-deficit-eae44e-0@1x.jpeg\" alt=\"\" loading=\"lazy\" importance=\"low\" fetchpriority=\"low\" class=\"\" aria-hidden=\"true\"\/><\/p>\n<p>07:53<\/p>\n<p>D\u00c9CRYPTAGE &#8211; \u00ab\u00a0France, toujours plus de d\u00e9ficit\u00a0\u00bb ? <\/a><\/p>\n<p data-module=\"article-paragraph\" class=\"jsx-3046738180 Paragraph\">En r\u00e9sum\u00e9, hormis les limites de d\u00e9ficit et de dette fix\u00e9es par le Pacte de stabilit\u00e9 et de croissance depuis pr\u00e8s de trente ans, Bruxelles n&rsquo;a pas la main sur la politique budg\u00e9taire des \u00c9tats membres. L&rsquo;adoption d&rsquo;un budget en France est m\u00eame prot\u00e9g\u00e9e par la Constitution. Celle-ci pr\u00e9voit qu&rsquo;il appartient au Parlement de voter les projets de loi de finances dans les conditions pr\u00e9vues par une loi organique.<\/p>\n<p data-module=\"article-paragraph\" class=\"jsx-3046738180 Paragraph Paragraph__End\"><strong>Vous souhaitez nous poser des questions ou nous soumettre une information qui ne vous para\u00eet pas fiable ? N&rsquo;h\u00e9sitez pas \u00e0 nous \u00e9crire \u00e0 l&rsquo;adresse lesverificateurs@tf1.fr. Retrouvez-nous \u00e9galement sur X : notre \u00e9quipe y est pr\u00e9sente derri\u00e8re le compte @verif_TF1LCI.<\/strong><\/p>\n<p>Felicia SIDERIS<\/p>\n","protected":false},"excerpt":{"rendered":"Des publications en ligne assurent que le budget de la France serait fix\u00e9 par l&rsquo;Europe jusqu&rsquo;en 2031. Une&hellip;\n","protected":false},"author":2,"featured_media":468844,"comment_status":"","ping_status":"","sticky":false,"template":"","format":"standard","meta":{"footnotes":""},"categories":[1586],"tags":[1111,11,1921,1003,1777,674,59256,1011,27,1922,7541,58884,12,4144,25,364,133,4530],"class_list":{"0":"post-468843","1":"post","2":"type-post","3":"status-publish","4":"format-standard","5":"has-post-thumbnail","7":"category-europe","8":"tag-actu","9":"tag-actualites","10":"tag-article-video","11":"tag-budget","12":"tag-eu","13":"tag-europe","14":"tag-florian-philippot","15":"tag-fr","16":"tag-france","17":"tag-info","18":"tag-linfo-passee-au-crible-des-verificateurs","19":"tag-lecornu-ii-le-nouveau-gouvernement-a-lepreuve-du-budget","20":"tag-news","21":"tag-politique-du-gouvernement","22":"tag-republique-francaise","23":"tag-union-europeenne","24":"tag-video","25":"tag-video-politique"},"share_on_mastodon":{"url":"https:\/\/pubeurope.com\/@fr\/115387013900520305","error":""},"_links":{"self":[{"href":"https:\/\/www.europesays.com\/fr\/wp-json\/wp\/v2\/posts\/468843","targetHints":{"allow":["GET"]}}],"collection":[{"href":"https:\/\/www.europesays.com\/fr\/wp-json\/wp\/v2\/posts"}],"about":[{"href":"https:\/\/www.europesays.com\/fr\/wp-json\/wp\/v2\/types\/post"}],"author":[{"embeddable":true,"href":"https:\/\/www.europesays.com\/fr\/wp-json\/wp\/v2\/users\/2"}],"replies":[{"embeddable":true,"href":"https:\/\/www.europesays.com\/fr\/wp-json\/wp\/v2\/comments?post=468843"}],"version-history":[{"count":0,"href":"https:\/\/www.europesays.com\/fr\/wp-json\/wp\/v2\/posts\/468843\/revisions"}],"wp:featuredmedia":[{"embeddable":true,"href":"https:\/\/www.europesays.com\/fr\/wp-json\/wp\/v2\/media\/468844"}],"wp:attachment":[{"href":"https:\/\/www.europesays.com\/fr\/wp-json\/wp\/v2\/media?parent=468843"}],"wp:term":[{"taxonomy":"category","embeddable":true,"href":"https:\/\/www.europesays.com\/fr\/wp-json\/wp\/v2\/categories?post=468843"},{"taxonomy":"post_tag","embeddable":true,"href":"https:\/\/www.europesays.com\/fr\/wp-json\/wp\/v2\/tags?post=468843"}],"curies":[{"name":"wp","href":"https:\/\/api.w.org\/{rel}","templated":true}]}}