{"id":468855,"date":"2025-10-17T02:01:11","date_gmt":"2025-10-17T02:01:11","guid":{"rendered":"https:\/\/www.europesays.com\/fr\/468855\/"},"modified":"2025-10-17T02:01:11","modified_gmt":"2025-10-17T02:01:11","slug":"il-peut-deja-etre-considere-comme-une-legende","status":"publish","type":"post","link":"https:\/\/www.europesays.com\/fr\/468855\/","title":{"rendered":"\u00ab Il peut d\u00e9j\u00e0 \u00eatre consid\u00e9r\u00e9 comme une l\u00e9gende \u00bb"},"content":{"rendered":"<p>                <img decoding=\"async\" src=\"https:\/\/www.europesays.com\/fr\/wp-content\/uploads\/2025\/10\/cmfj.jpg\" fetchpriority=\"high\" alt=\"Tim Henman s\u2019incline devant Alcaraz : \u00ab Il peut d\u00e9j\u00e0 \u00eatre consid\u00e9r\u00e9 comme une l\u00e9gende \u00bb\"\/><\/p>\n<p>L\u2019ancien joueur britannique s\u2019enthousiasme pour Carlos Alcaraz, \u00e9voquant sa progression fulgurante et sa personnalit\u00e9 exemplaire et sa place parmi les ic\u00f4nes du tennis.<\/p>\n<p>Avec six Grands Chelems \u00e0 son compteur, Carlos Alcaraz fait d\u00e9j\u00e0 partie des plus grands champions de l\u2019histoire du tennis. Et \u00e0 seulement 22 ans, l\u2019Espagnol a de nombreuses ann\u00e9es devant lui pour continuer de chasser les records.<\/p>\n<p>Tim Henman, qui avait c\u00f4toy\u00e9 le natif d\u2019El Palmar durant la Laver Cup le mois dernier, lui a vou\u00e9 son admiration dans un entretien accord\u00e9 \u00e0 Tennis365 :<\/p>\n<p>\u00ab J\u2019ai pass\u00e9 un peu de temps avec lui et j\u2019ai \u00e9t\u00e9 tr\u00e8s impressionn\u00e9 non seulement par ses qualit\u00e9s de joueur, mais aussi par sa personnalit\u00e9. Son attitude, son \u00e9nergie, ses valeurs sur et en dehors du court sont exemplaires. Son jeu a \u00e9volu\u00e9 d\u2019une mani\u00e8re ph\u00e9nom\u00e9nale. \u00bb<\/p>\n<p>L\u2019ancien n\u00b01 britannique estime qu\u2019Alcaraz, malgr\u00e9 son jeune \u00e2ge, peut d\u00e9j\u00e0 \u00eatre consid\u00e9r\u00e9 comme une l\u00e9gende du jeu :<\/p>\n<p>\u00ab Ce que Federer, Nadal et Djokovic ont accompli en remportant 20, 22 et 24 Grands Chelems a presque cr\u00e9\u00e9 un d\u00e9s\u00e9quilibre pour les autres g\u00e9n\u00e9rations. Si vous pensez \u00e0 Edberg, Becker, McEnroe, Wilander ou Connors, ce sont des l\u00e9gendes de ce sport.<\/p>\n<p>Alcaraz en est \u00e0 six Grands Chelems et il est encore tr\u00e8s jeune. Et les gens commencent \u00e0 demander s\u2019il en remportera 20. C\u2019est presque injuste.<\/p>\n<p>Bien s\u00fbr, quand je jouais et que Pete Sampras a d\u00e9croch\u00e9 14 Grands Chelems, j\u2019aurais pari\u00e9 tout mon argent que personne ne le d\u00e9passerait. Et pourtant, trois joueurs y sont parvenus. On verra combien de Grands Chelems Alcaraz et Sinner obtiendront. \u00bb<\/p>\n","protected":false},"excerpt":{"rendered":"L\u2019ancien joueur britannique s\u2019enthousiasme pour Carlos Alcaraz, \u00e9voquant sa progression fulgurante et sa personnalit\u00e9 exemplaire et sa place&hellip;\n","protected":false},"author":2,"featured_media":468856,"comment_status":"","ping_status":"","sticky":false,"template":"","format":"standard","meta":{"footnotes":""},"categories":[1415],"tags":[1011,27,60,1467],"class_list":{"0":"post-468855","1":"post","2":"type-post","3":"status-publish","4":"format-standard","5":"has-post-thumbnail","7":"category-tennis","8":"tag-fr","9":"tag-france","10":"tag-sports","11":"tag-tennis"},"share_on_mastodon":{"url":"https:\/\/pubeurope.com\/@fr\/115387045224354980","error":""},"_links":{"self":[{"href":"https:\/\/www.europesays.com\/fr\/wp-json\/wp\/v2\/posts\/468855","targetHints":{"allow":["GET"]}}],"collection":[{"href":"https:\/\/www.europesays.com\/fr\/wp-json\/wp\/v2\/posts"}],"about":[{"href":"https:\/\/www.europesays.com\/fr\/wp-json\/wp\/v2\/types\/post"}],"author":[{"embeddable":true,"href":"https:\/\/www.europesays.com\/fr\/wp-json\/wp\/v2\/users\/2"}],"replies":[{"embeddable":true,"href":"https:\/\/www.europesays.com\/fr\/wp-json\/wp\/v2\/comments?post=468855"}],"version-history":[{"count":0,"href":"https:\/\/www.europesays.com\/fr\/wp-json\/wp\/v2\/posts\/468855\/revisions"}],"wp:featuredmedia":[{"embeddable":true,"href":"https:\/\/www.europesays.com\/fr\/wp-json\/wp\/v2\/media\/468856"}],"wp:attachment":[{"href":"https:\/\/www.europesays.com\/fr\/wp-json\/wp\/v2\/media?parent=468855"}],"wp:term":[{"taxonomy":"category","embeddable":true,"href":"https:\/\/www.europesays.com\/fr\/wp-json\/wp\/v2\/categories?post=468855"},{"taxonomy":"post_tag","embeddable":true,"href":"https:\/\/www.europesays.com\/fr\/wp-json\/wp\/v2\/tags?post=468855"}],"curies":[{"name":"wp","href":"https:\/\/api.w.org\/{rel}","templated":true}]}}