{"id":468861,"date":"2025-10-17T02:05:16","date_gmt":"2025-10-17T02:05:16","guid":{"rendered":"https:\/\/www.europesays.com\/fr\/468861\/"},"modified":"2025-10-17T02:05:16","modified_gmt":"2025-10-17T02:05:16","slug":"une-bonne-cuvee-pour-saint-michel-preference-home","status":"publish","type":"post","link":"https:\/\/www.europesays.com\/fr\/468861\/","title":{"rendered":"une bonne cuv\u00e9e pour Saint-Michel Preference Home"},"content":{"rendered":"<p>La cuv\u00e9e 2025 de la formation <strong>Saint-Michel Preference Home \u2013 Auber 93<\/strong> est une belle r\u00e9ussite, m\u00eame si l\u2019absence de victoire vient l\u00e9g\u00e8rement ternir le bilan.<br \/>Malgr\u00e9 ce b\u00e9mol, et la perte de deux coureurs majeurs lors du dernier <strong><a href=\"https:\/\/firstcycling.com\/transfers.php\" target=\"_blank\" rel=\"noreferrer noopener nofollow\">mercato<\/a><\/strong>, les Franciliens ont su briller tout au long de l\u2019ann\u00e9e.<\/p>\n<p>Pour une \u00e9quipe \u00e0 vocation formatrice comme <strong>Saint-Michel<\/strong>, la meilleure preuve de r\u00e9ussite reste la progression de ses coureurs. Ce sera notamment le cas de <strong>Dillon Corkery<\/strong>, qui rejoindra le <strong>WorldTour<\/strong> et la <strong>Team PicNic<\/strong>, mais aussi de <strong><a href=\"https:\/\/www.velo-club.net\/actualites\/total-energies-annonce-le-recrutement-de-nicolas-breuillard\/\" rel=\"nofollow noopener\" target=\"_blank\">Nicolas Breuillard<\/a><\/strong>, qui s\u2019est engag\u00e9 avec <strong>Total Energies<\/strong>.<\/p>\n<p>Ce sont d\u2019ailleurs ces deux individualit\u00e9s qui ressortent le plus au moment de dresser le bilan de la saison de Saint-Michel, m\u00eame si d\u2019autres, comme <strong>Thomas Champion<\/strong> ou <strong>Th\u00e9o Delacroix<\/strong>, ont \u00e9galement contribu\u00e9 \u00e0 embellir le tableau gr\u00e2ce \u00e0 de belles places d\u2019honneur.<\/p>\n<p>Autre symbole de cette r\u00e9ussite collective : <strong>9 des 10 coureurs<\/strong> de l\u2019effectif ont inscrit des <strong>points UCI<\/strong>.<\/p>\n<p>\ud83d\udcc8 <strong>Chiffres cl\u00e9s 2025<\/strong><\/p>\n<p>\ud83c\udfc6 <strong>Victoires UCI :<\/strong> 0<br \/>\ud83d\udcca <strong>Classement UCI au 14 octobre :<\/strong> 58\u1d49<br \/>\u2b50 <strong>Meilleure performance :<\/strong> Dillon Corkery \u2013 6\u1d49 du Grand Prix de Denain<\/p>\n","protected":false},"excerpt":{"rendered":"La cuv\u00e9e 2025 de la formation Saint-Michel Preference Home \u2013 Auber 93 est une belle r\u00e9ussite, m\u00eame si&hellip;\n","protected":false},"author":2,"featured_media":468862,"comment_status":"","ping_status":"","sticky":false,"template":"","format":"standard","meta":{"footnotes":""},"categories":[1411],"tags":[270,1154,207,1011,27,60],"class_list":{"0":"post-468861","1":"post","2":"type-post","3":"status-publish","4":"format-standard","5":"has-post-thumbnail","7":"category-cyclisme","8":"tag-breaking","9":"tag-cycling","10":"tag-cyclisme","11":"tag-fr","12":"tag-france","13":"tag-sports"},"share_on_mastodon":{"url":"https:\/\/pubeurope.com\/@fr\/115387060983072097","error":""},"_links":{"self":[{"href":"https:\/\/www.europesays.com\/fr\/wp-json\/wp\/v2\/posts\/468861","targetHints":{"allow":["GET"]}}],"collection":[{"href":"https:\/\/www.europesays.com\/fr\/wp-json\/wp\/v2\/posts"}],"about":[{"href":"https:\/\/www.europesays.com\/fr\/wp-json\/wp\/v2\/types\/post"}],"author":[{"embeddable":true,"href":"https:\/\/www.europesays.com\/fr\/wp-json\/wp\/v2\/users\/2"}],"replies":[{"embeddable":true,"href":"https:\/\/www.europesays.com\/fr\/wp-json\/wp\/v2\/comments?post=468861"}],"version-history":[{"count":0,"href":"https:\/\/www.europesays.com\/fr\/wp-json\/wp\/v2\/posts\/468861\/revisions"}],"wp:featuredmedia":[{"embeddable":true,"href":"https:\/\/www.europesays.com\/fr\/wp-json\/wp\/v2\/media\/468862"}],"wp:attachment":[{"href":"https:\/\/www.europesays.com\/fr\/wp-json\/wp\/v2\/media?parent=468861"}],"wp:term":[{"taxonomy":"category","embeddable":true,"href":"https:\/\/www.europesays.com\/fr\/wp-json\/wp\/v2\/categories?post=468861"},{"taxonomy":"post_tag","embeddable":true,"href":"https:\/\/www.europesays.com\/fr\/wp-json\/wp\/v2\/tags?post=468861"}],"curies":[{"name":"wp","href":"https:\/\/api.w.org\/{rel}","templated":true}]}}