{"id":468865,"date":"2025-10-17T02:07:10","date_gmt":"2025-10-17T02:07:10","guid":{"rendered":"https:\/\/www.europesays.com\/fr\/468865\/"},"modified":"2025-10-17T02:07:10","modified_gmt":"2025-10-17T02:07:10","slug":"lio-violee-personne-ne-ma-regardee-journaldesfemmes-fr","status":"publish","type":"post","link":"https:\/\/www.europesays.com\/fr\/468865\/","title":{"rendered":"Lio, viol\u00e9e : &quot;personne ne m&#039;a regard\u00e9e&quot; &#8211; journaldesfemmes.fr"},"content":{"rendered":"<ol>\n<li><a href=\"https:\/\/news.google.com\/rss\/articles\/CBMi5AFBVV95cUxNRHZiR3NURDVjU0V3VE44cUdoX01zREpKU21FZEZ2SDU1WFhFSW1remdUMFF1TEQxdjZFcFhaTm5sNG9relNlNUtKNmc3QURmZjR1cmYyT0lBTGlkeGtUZlZQUTJZVFdYMlFkTG1TUFN3dDM0YmFMR1hCbTlUOGxIRGs0bFpOVHJTUlVkLXZyR084TmQ5WDZuMHg4QVc1V2xocjItUnRUTXJwZ3AwYUp4ZjQwS0lXRktDa040SElsVlZ6TURZanNFdnZNc21yMFpidW5FMHpZX3J0UWNlYTBkcjNjVGQ?oc=5\" target=\"_blank\" rel=\"nofollow noopener\">Lio, viol\u00e9e : \u00ab\u00a0personne ne m&rsquo;a regard\u00e9e\u00a0\u00bb<\/a>&nbsp;&nbsp;journaldesfemmes.fr<\/li>\n<li><a href=\"https:\/\/news.google.com\/rss\/articles\/CBMi1gFBVV95cUxNMVZkVDQ0d1RibmlNeDJwSWpKcWhmN0lCRHpnQVVZTy1kaEoybjY2dllaZ2JxeDBXSkpPRnJuakxPbmhXRER6MG9LVlFlUlpLRG1RbzBYSjdRMG9jTzB3Mk1QellkTE1UZDdLTWNyTk8wSUUyUFlIV25FYlRlZUFSU2pzbHpobnMxOGVRZ29nZEdIdHpTMVBEOENFbF9rZXVOSW0yRGhEYXZxcmFFOGZaME5WaUl5QU1LY2F1eWU5ek8wODc1LXpMUDFfeGx4bXEwemdza3l3?oc=5\" target=\"_blank\" rel=\"nofollow noopener\">40 minutes d\u2019horreur : la chanteuse Lio raconte le viol qu\u2019elle a subi quand elle avait 10 ans<\/a>&nbsp;&nbsp;Midi Libre<\/li>\n<li><a href=\"https:\/\/news.google.com\/rss\/articles\/CBMiakFVX3lxTFA5TnBwWVFWQWYxSlJySVVyUGhhVkRSRUcxODlpWUhyNzVfTUpOUFh2ZTdfOXN2ZTVseTFEWVJCZ01QVTMwZW9CWlhPNTZnZGRJd2pfdXVFUGV1cnVjVmxWR2xlNlRrd0JMT2c?oc=5\" target=\"_blank\" rel=\"nofollow noopener\">Lio &#8211; Documentaire en replay Infrarouge<\/a>&nbsp;&nbsp;France TV<\/li>\n<li><a href=\"https:\/\/news.google.com\/rss\/articles\/CBMihwFBVV95cUxOWWpldHRGZElIbkRGdUNuRVV6cDNudnNVQnpNZW5CQlQyYjVGSFMxdTd1TUxYLUo5eUxkbFNRLVpIYm83TGxpdU9wajZpTWdrSXlCMllIS21zZVNITDNhMGZreUpmRVJkOUxwNkNiRHlZSU5OekpaYWZsTXFIb0gwcWkxVGRVTzg?oc=5\" target=\"_blank\" rel=\"nofollow noopener\">\u00ab\u00a0Il est venu me violer\u00a0\u00bb : Lio r\u00e9v\u00e8le avoir \u00e9t\u00e9 agress\u00e9e sexuellement par son ex-compagnon devant ses enfants<\/a>&nbsp;&nbsp;Yahoo Life France<\/li>\n<li><a href=\"https:\/\/news.google.com\/rss\/articles\/CBMi2gFBVV95cUxNLXc1RjE0NGFzc05fVXZzTGpIOGFDVTk4VTk0bDNGdXJwcVRxMDFZTzZIVHdUQUN6QVR6SE1KVEpDamhsTlFaU3I0M21hRkFRVVE1djNwX0dKNmIzanUwalMyWHdWN3RYNHprSEtoZGRfRkI2REVhcENxTy02VEF1anloemt2eXNvVTRBWi1FTWgyREZwalYxZmZsSTR1SVZnMkNRRXBobGthYVVqVWRXSHFPTkEzVjdCbEpBaXlZOVhpakZpeHJIcmR6aTc3VVJuM3pfYnl1cllJUQ?oc=5\" target=\"_blank\" rel=\"nofollow noopener\">Lio d\u00e9taille \u00ab l\u2019enfer \u00bb que lui a fait subir le p\u00e8re de ses jumelles<\/a>&nbsp;&nbsp;20 Minutes<\/li>\n<\/ol>\n","protected":false},"excerpt":{"rendered":"Lio, viol\u00e9e : \u00ab\u00a0personne ne m&rsquo;a regard\u00e9e\u00a0\u00bb&nbsp;&nbsp;journaldesfemmes.fr 40 minutes d\u2019horreur : la chanteuse Lio raconte le viol qu\u2019elle&hellip;\n","protected":false},"author":2,"featured_media":468866,"comment_status":"","ping_status":"","sticky":false,"template":"","format":"standard","meta":{"footnotes":""},"categories":[1359],"tags":[59257,51761,58,59,52292,1011,27,51766,5633,1031,973],"class_list":{"0":"post-468865","1":"post","2":"type-post","3":"status-publish","4":"format-standard","5":"has-post-thumbnail","7":"category-people","8":"tag-cms-journaldesfemmes-3244374","9":"tag-controller-content","10":"tag-divertissement","11":"tag-entertainment","12":"tag-format-reportage","13":"tag-fr","14":"tag-france","15":"tag-les-histoires-du-jdf","16":"tag-lio","17":"tag-magazine","18":"tag-people"},"share_on_mastodon":{"url":"https:\/\/pubeurope.com\/@fr\/115387068876012008","error":""},"_links":{"self":[{"href":"https:\/\/www.europesays.com\/fr\/wp-json\/wp\/v2\/posts\/468865","targetHints":{"allow":["GET"]}}],"collection":[{"href":"https:\/\/www.europesays.com\/fr\/wp-json\/wp\/v2\/posts"}],"about":[{"href":"https:\/\/www.europesays.com\/fr\/wp-json\/wp\/v2\/types\/post"}],"author":[{"embeddable":true,"href":"https:\/\/www.europesays.com\/fr\/wp-json\/wp\/v2\/users\/2"}],"replies":[{"embeddable":true,"href":"https:\/\/www.europesays.com\/fr\/wp-json\/wp\/v2\/comments?post=468865"}],"version-history":[{"count":0,"href":"https:\/\/www.europesays.com\/fr\/wp-json\/wp\/v2\/posts\/468865\/revisions"}],"wp:featuredmedia":[{"embeddable":true,"href":"https:\/\/www.europesays.com\/fr\/wp-json\/wp\/v2\/media\/468866"}],"wp:attachment":[{"href":"https:\/\/www.europesays.com\/fr\/wp-json\/wp\/v2\/media?parent=468865"}],"wp:term":[{"taxonomy":"category","embeddable":true,"href":"https:\/\/www.europesays.com\/fr\/wp-json\/wp\/v2\/categories?post=468865"},{"taxonomy":"post_tag","embeddable":true,"href":"https:\/\/www.europesays.com\/fr\/wp-json\/wp\/v2\/tags?post=468865"}],"curies":[{"name":"wp","href":"https:\/\/api.w.org\/{rel}","templated":true}]}}