{"id":468875,"date":"2025-10-17T02:12:35","date_gmt":"2025-10-17T02:12:35","guid":{"rendered":"https:\/\/www.europesays.com\/fr\/468875\/"},"modified":"2025-10-17T02:12:35","modified_gmt":"2025-10-17T02:12:35","slug":"un-tout-premier-apercu-de-woody-et-buzz-dans-toy-story-5","status":"publish","type":"post","link":"https:\/\/www.europesays.com\/fr\/468875\/","title":{"rendered":"Un tout premier aper\u00e7u de Woody et Buzz dans Toy Story 5"},"content":{"rendered":"<p style=\"text-align: justify;\"><strong>Pixar Animation Studios<\/strong> a d\u00e9voil\u00e9 une nouvelle image promotionnelle pour <strong>Toy Story 5<\/strong>, comportanrt les premuiers rendus de Woody et Buzz dans le film et confirmant sa date de sortie officielle au 19 juin 2026 outre-Atlantique (deux jours plus t\u00f4t en France). Cette annonce met en sc\u00e8ne les deux h\u00e9ros iconiques dans une composition qui ravive l\u2019esprit d\u2019aventure de la saga. Dirig\u00e9 par <a href=\"https:\/\/www.disneyphile.fr\/andrew-stanton-realisera-toy-story-5\/\" target=\"_blank\" rel=\"noopener\"><strong>Andrew Stanton<\/strong> <\/a>\u2013 oscaris\u00e9 pour <strong>WALL\u2022E<\/strong> et <strong>Le Monde de Nemo<\/strong>, ce cinqui\u00e8me opus promet de plonger les jouets dans un conflit avec la technologie contemporaine, un th\u00e8me qui r\u00e9sonne avec l\u2019\u00e9volution des habitudes des enfants.<\/p>\n<p>Un visuel qui \u00e9voque le pass\u00e9 et l\u2019avenir<\/p>\n<p style=\"text-align: justify;\">L\u2019image montre Woody, le cow-boy loyal jou\u00e9 en version originale par <strong>Tom Hanks <\/strong>(et en fran\u00e7ais par <strong>Jean-Philippe Puymartin<\/strong>), sans son badge de sh\u00e9rif \u2013 un d\u00e9tail h\u00e9rit\u00e9 de la fin de <a href=\"https:\/\/www.disneyphile.fr\/toy-story-4-critique-du-film\/\" target=\"_blank\" rel=\"noopener\"><strong>Toy Story 4<\/strong><\/a>, o\u00f9 il l\u2019avait c\u00e9d\u00e9 \u00e0 Jessie. \u00c0 ses c\u00f4t\u00e9s, Buzz l\u2019\u00c9clair, interpr\u00e9t\u00e9 par <strong>Tim Allen<\/strong> en anglais et <strong>Richard Darbois<\/strong> en fran\u00e7ais, arbore fi\u00e8rement un badge \u00e9toil\u00e9 dor\u00e9 sur sa combinaison spatiale, sugg\u00e9rant peut-\u00eatre un nouveau r\u00f4le de leader ou un clin d\u2019\u0153il \u00e0 son statut de ranger de l\u2019espace. Sur un fond bleu ciel parsem\u00e9 de nuages stylis\u00e9s, les deux personnages posent avec assurance, Woody l\u00e9g\u00e8rement en retrait et Buzz en avant, comme pour symboliser une alliance renouvel\u00e9e face \u00e0 des menaces in\u00e9dites.<\/p>\n<p><a href=\"https:\/\/www.disneyphile.fr\/wp-content\/uploads\/2025\/10\/rendus-woody-buzz-toy-story-5-02.webp\" target=\"_blank\" rel=\"noopener\"><img data-lazyloaded=\"1\" data-od-added-loading=\"\" data-od-replaced- data-od-xpath=\"\/HTML\/BODY\/DIV[@id='page']\/*[4][self::DIV]\/*[2][self::DIV]\/*[1][self::DIV]\/*[1][self::MAIN]\/*[1][self::DIV]\/*[1][self::DIV]\/*[1][self::DIV]\/*[1][self::DIV]\/*[2][self::DIV]\/*[2][self::ARTICLE]\/*[2][self::DIV]\/*[4][self::P]\/*[1][self::A]\/*[1][self::IMG]\" loading=\"lazy\" decoding=\"async\" class=\"aligncenter wp-image-154315\" src=\"https:\/\/www.disneyphile.fr\/wp-content\/uploads\/2025\/10\/xrendus-woody-buzz-toy-story-5-02.webp.pagespeed.ic.9e8XhmAZf8.webp\" alt=\"woody buzz\" width=\"400\" height=\"158\"  data- data-pagespeed-url-hash=\"1560426767\" onload=\"pagespeed.CriticalImages.checkImageForCriticality(this);\"\/><\/a><\/p>\n<p>\u00a0<\/p>\n<p style=\"text-align: justify;\">Cette promotion arrive apr\u00e8s une s\u00e9rie de r\u00e9v\u00e9lations progressives sur le film. Lors du <strong>D23 : The Ultimate Disney Fan Event<\/strong> en ao\u00fbt 2024, <strong>Stanton<\/strong> avait confirm\u00e9 son implication et <a href=\"https:\/\/www.disneyphile.fr\/decouvrez-la-premiere-image-de-toy-story-5\/\" target=\"_blank\" rel=\"noopener\">partag\u00e9 une premi\u00e8re \u0153uvre conceptuelle<\/a>, illustrant les jouets confront\u00e9s \u00e0 l\u2019essor des appareils \u00e9lectroniques.<\/p>\n<p>Les jouets contre la technologie<\/p>\n<p style=\"text-align: justify;\">Le r\u00e9cit de <strong>Toy Story 5<\/strong>\u00a0explorera le choc entre les jouets traditionnels et les gadgets num\u00e9riques, comme les tablettes qui captivent les enfants. Bonnie, maintenant \u00e2g\u00e9e de huit ans, est obs\u00e9d\u00e9e<a href=\"https:\/\/www.disneyphile.fr\/pixar-presente-la-grande-mechante-de-toy-story-5-lilypad\/\" target=\"_blank\" rel=\"noopener\"> par un appareil appel\u00e9 Lilypad<\/a>, d\u00e9crit comme une tablette en forme de grenouille, \u00e0 l\u2019apparence mignonne mais potentiellement mena\u00e7ante. Cette id\u00e9e avait \u00e9t\u00e9 teas\u00e9e au<strong> Festival international du Film d\u2019Animation d\u2019Annecy<\/strong> en juin 2025, avec une image fixe de Lilypad soulignant son caract\u00e8re \u00ab\u00a0piquant\u00a0\u00bb.<\/p>\n<p style=\"text-align: justify;\">Jessie, doubl\u00e9e par <strong>Joan Cusack<\/strong>, <a href=\"https:\/\/www.disneyphile.fr\/jessie-aura-une-place-centrale-dans-toy-story-5\/\" target=\"_blank\" rel=\"noopener\">tiendra quant \u00e0 elle un r\u00f4le central<\/a>, menant la chambre de Bonnie avec Buzz comme adjoint. <strong>Tim Allen<\/strong> a r\u00e9v\u00e9l\u00e9 lors d\u2019une interview sur<strong> Good Morning America<\/strong> en janvier 2025 que l\u2019histoire se concentre sur Jessie, et que Woody et Buzz se r\u00e9alignent apr\u00e8s leur s\u00e9paration \u00e0 la fin du quatri\u00e8me film. Il a \u00e9galement mentionn\u00e9 <a href=\"https:\/\/www.disneyphile.fr\/d23-brasil-revele-une-nouvelle-image-de-toy-story-5\/\" target=\"_blank\" rel=\"noopener\">une sc\u00e8ne d\u2019ouverture impliquant plusieurs Buzz l\u2019\u00c9clair<\/a>, exploitant l\u2019humour r\u00e9current autour des multiples versions du jouet.<\/p>\n<p><a href=\"https:\/\/www.disneyphile.fr\/wp-content\/uploads\/2025\/10\/rendus-woody-buzz-toy-story-5-03.webp\" target=\"_blank\" rel=\"noopener\"><img data-lazyloaded=\"1\" data-od-xpath=\"\/HTML\/BODY\/DIV[@id='page']\/*[4][self::DIV]\/*[2][self::DIV]\/*[1][self::DIV]\/*[1][self::MAIN]\/*[1][self::DIV]\/*[1][self::DIV]\/*[1][self::DIV]\/*[1][self::DIV]\/*[2][self::DIV]\/*[2][self::ARTICLE]\/*[2][self::DIV]\/*[10][self::P]\/*[1][self::A]\/*[1][self::IMG]\" loading=\"lazy\" decoding=\"async\" class=\"aligncenter wp-image-154314\" src=\"https:\/\/www.disneyphile.fr\/wp-content\/uploads\/2025\/10\/xrendus-woody-buzz-toy-story-5-03.webp.pagespeed.ic.QtxTd8_ryZ.webp\" alt=\"\" width=\"400\" height=\"357\"  data- data-pagespeed-url-hash=\"2347091783\" onload=\"pagespeed.CriticalImages.checkImageForCriticality(this);\"\/><\/a><\/p>\n<p style=\"text-align: justify;\">Un nouveau personnage, Smarty Pants \u2013 un jouet d\u2019apprentissage pour la propret\u00e9 doubl\u00e9 par <a href=\"https:\/\/www.disneyphile.fr\/conan-obrien-rejoint-le-casting-de-toy-story-5-de-pixar\/\" target=\"_blank\" rel=\"noopener\"><strong>Conan O\u2019Brien<\/strong><\/a>, <a href=\"https:\/\/www.disneyphile.fr\/destination-d23-les-visiteurs-decouvrent-en-avant-premiere-un-nouveau-personnage-de-toy-story-5\/\" target=\"_blank\" rel=\"noopener\">a \u00e9t\u00e9 introduit lors du <strong>Destination D23<\/strong> en septembre 2025<\/a>, ajoutant une touche comique \u00e0 l\u2019ensemble. D\u2019autres concept arts montrent des sc\u00e9narios avec plusieurs Buzz, renfor\u00e7ant le th\u00e8me de la multiplicit\u00e9. On a \u00e9galemenjt appris que <a href=\"https:\/\/www.disneyphile.fr\/fourchette-sera-de-retour-dans-toy-story-5-annonce-tony-hale\/\" target=\"_blank\" rel=\"noopener\">le personnage de Fourchette <strong>(Tony Hale<\/strong> en VO, <strong>Pierre Niney<\/strong> en VF) fera son retour<\/a> dans l\u2019histoire.<\/p>\n<p>Perspectives sur cette suite attendue<\/p>\n<p style=\"text-align: justify;\">Apr\u00e8s l\u2019\u00e9motion de <strong>Toy Story 4<\/strong>, un film que personne n\u2019attendait et qui s\u2019est r\u00e9v\u00e9l\u00e9 pourtant un chef-d\u2019\u0153uvre o\u00f9 Woody choisit une vie nomade avec la Berg\u00e8re, les fans s\u2019interrogent sur les retrouvailles. Produit par <strong>Jessica Choi<\/strong> et co-dirig\u00e9 par <strong>Kenna Harris<\/strong>, le film, <a href=\"https:\/\/www.disneyphile.fr\/toy-story-5-est-annonce-officiellement\/\" target=\"_blank\" rel=\"noopener\">annonc\u00e9 en 2023<\/a>, s\u2019inscrit dans les <a href=\"https:\/\/www.disneyphile.fr\/toy-story-ressortira-en-salles-pour-son-trentieme-anniversaire\/\" target=\"_blank\" rel=\"noopener\">c\u00e9l\u00e9brations du 30e anniversaire de la franchise<\/a>, marqu\u00e9e par des merchandises et des \u00e9v\u00e9nements sp\u00e9ciaux. Cette nouvelle image, simple mais \u00e9vocatrice, alimente l\u2019anticipation pour un chapitre qui m\u00eale nostalgie et r\u00e9flexion sur le r\u00f4le des jouets \u00e0 l\u2019\u00e8re num\u00e9rique.<\/p>\n<p>\u00a9 Disneyphile 2025 \/ Tous droits r\u00e9serv\u00e9s \/ Reproduction interdite<\/p>\n","protected":false},"excerpt":{"rendered":"Pixar Animation Studios a d\u00e9voil\u00e9 une nouvelle image promotionnelle pour Toy Story 5, comportanrt les premuiers rendus de&hellip;\n","protected":false},"author":2,"featured_media":468876,"comment_status":"","ping_status":"","sticky":false,"template":"","format":"standard","meta":{"footnotes":""},"categories":[1354],"tags":[58,59,1346,1011,27,1360,49392],"class_list":{"0":"post-468875","1":"post","2":"type-post","3":"status-publish","4":"format-standard","5":"has-post-thumbnail","7":"category-films","8":"tag-divertissement","9":"tag-entertainment","10":"tag-films","11":"tag-fr","12":"tag-france","13":"tag-movies","14":"tag-toy-story"},"share_on_mastodon":{"url":"https:\/\/pubeurope.com\/@fr\/115387089142481405","error":""},"_links":{"self":[{"href":"https:\/\/www.europesays.com\/fr\/wp-json\/wp\/v2\/posts\/468875","targetHints":{"allow":["GET"]}}],"collection":[{"href":"https:\/\/www.europesays.com\/fr\/wp-json\/wp\/v2\/posts"}],"about":[{"href":"https:\/\/www.europesays.com\/fr\/wp-json\/wp\/v2\/types\/post"}],"author":[{"embeddable":true,"href":"https:\/\/www.europesays.com\/fr\/wp-json\/wp\/v2\/users\/2"}],"replies":[{"embeddable":true,"href":"https:\/\/www.europesays.com\/fr\/wp-json\/wp\/v2\/comments?post=468875"}],"version-history":[{"count":0,"href":"https:\/\/www.europesays.com\/fr\/wp-json\/wp\/v2\/posts\/468875\/revisions"}],"wp:featuredmedia":[{"embeddable":true,"href":"https:\/\/www.europesays.com\/fr\/wp-json\/wp\/v2\/media\/468876"}],"wp:attachment":[{"href":"https:\/\/www.europesays.com\/fr\/wp-json\/wp\/v2\/media?parent=468875"}],"wp:term":[{"taxonomy":"category","embeddable":true,"href":"https:\/\/www.europesays.com\/fr\/wp-json\/wp\/v2\/categories?post=468875"},{"taxonomy":"post_tag","embeddable":true,"href":"https:\/\/www.europesays.com\/fr\/wp-json\/wp\/v2\/tags?post=468875"}],"curies":[{"name":"wp","href":"https:\/\/api.w.org\/{rel}","templated":true}]}}