{"id":468877,"date":"2025-10-17T02:13:16","date_gmt":"2025-10-17T02:13:16","guid":{"rendered":"https:\/\/www.europesays.com\/fr\/468877\/"},"modified":"2025-10-17T02:13:16","modified_gmt":"2025-10-17T02:13:16","slug":"la-campagne-de-vaccination-a-commence-le-pic-deja-passe","status":"publish","type":"post","link":"https:\/\/www.europesays.com\/fr\/468877\/","title":{"rendered":"la campagne de vaccination a commenc\u00e9, le pic d\u00e9j\u00e0 pass\u00e9\u00a0?"},"content":{"rendered":"<p class=\"app_entry_lead\">\n<p>                    <a title=\"\u00a0\u00a9\u00a0www.peopleimages.com\" href=\"https:\/\/www.europesays.com\/fr\/wp-content\/uploads\/2025\/10\/81564096.jpg\" class=\"fancy\"><\/p>\n<p>                            <img loading=\"lazy\" decoding=\"async\" src=\"https:\/\/www.europesays.com\/fr\/wp-content\/uploads\/2025\/10\/81564096.jpg\" alt=\"Covid-19\u00a0: la campagne de vaccination a commenc\u00e9, le pic d\u00e9j\u00e0 pass\u00e9\u00a0?\" width=\"1500\" height=\"1025\"\/><\/p>\n<p>                    <\/a><\/p>\n<p>                Les indicateurs li\u00e9s au Covid-19\u00a0semblent amorcer une baisse apr\u00e8s un \u00e9t\u00e9 marqu\u00e9 par un rebond de l&rsquo;\u00e9pid\u00e9mie.<\/p>\n<p>Sommaire<\/p>\n<p>Cinq ans apr\u00e8s le d\u00e9but de la pand\u00e9mie de Covid-19, beaucoup l&rsquo;ont peut-\u00eatre oubli\u00e9, mais il est pourtant encore pr\u00e9sent. Depuis 2023, le virus circule \u00e0 bas bruit, avec parfois des reprises \u00e9pid\u00e9miques.\u00a0C&rsquo;est justement ce qui semble \u00eatre le cas depuis la fin de l&rsquo;\u00e9t\u00e9 2025.<\/p>\n<p>Plusieurs indicateurs \u00e9pid\u00e9miques ont connu une l\u00e9g\u00e8re augmentation depuis quelques semaines en France, avant de se stabiliser, voire de baisser en octobre.\u00a0Dans son\u00a0<a href=\"https:\/\/www.santepubliquefrance.fr\/maladies-et-traumatismes\/maladies-et-infections-respiratoires\/grippe\/documents\/bulletin-national\/infections-respiratoires-aigues-grippe-bronchiolite-covid-19-.-bulletin-du-15-octobre-2025\" rel=\"nofollow noopener\" target=\"_blank\">bulletin publi\u00e9 le 15 octobre 2025<\/a>, Sant\u00e9 publique France rapporte qu&rsquo;au cours de la deuxi\u00e8me semaine d&rsquo;octobre, \u00ab\u00a0les indicateurs de COVID-19\u00a0diminuaient en ville et restaient stables \u00e0 l&rsquo;h\u00f4pital\u00a0\u00bb. Les taux de positivit\u00e9 sont \u00ab\u00a0en diminution en ville et \u00e0 l&rsquo;h\u00f4pital\u00a0\u00bb, et \u00ab\u00a0l&rsquo;indicateur de suivi du <a href=\"https:\/\/www.linternaute.fr\/sante\/guide-de-la-sante\/2484527-coronavirus-comprendre-le-virus-qui-effraie-la-planete\/\" title=\"Coronavirus\" rel=\"nofollow noopener\" target=\"_blank\">SARS-CoV-2<\/a>\u00a0dans les eaux us\u00e9es se stabilisait encore cette semaine au niveau national\u00a0\u00bb.<\/p>\n<p>Sant\u00e9 publique France note cependant une \u00ab\u00a0l\u00e9g\u00e8re augmentation de la part des d\u00e9c\u00e8s de COVID-19 ces derni\u00e8res semaines\u00a0\u00bb.\u00a0Globalement, les indicateurs sont \u00ab\u00a0\u00e0 des niveaux encore inf\u00e9rieurs \u00e0 ceux de l&rsquo;ann\u00e9e pr\u00e9c\u00e9dente \u00e0 la m\u00eame p\u00e9riode\u00a0\u00bb, rassure\u00a0l&rsquo;agence de sant\u00e9 publique.\u00a0Une situation \u00e0 suivre, mais le pic de cette petite nouvelle vague pourrait bien avoir d\u00e9j\u00e0 \u00e9t\u00e9 d\u00e9pass\u00e9.<\/p>\n<p>Un nouveau variant pourrait \u00eatre \u00e0 l&rsquo;origine de cette recrudescence.\u00a0Officiellement appel\u00e9 \u00ab\u00a0XFG\u00a0\u00bb ou \u00ab\u00a0Stratus\u00a0\u00bb, il est aussi surnomm\u00e9 \u00ab\u00a0Frankenstein\u00a0\u00bb, non pas parce qu&rsquo;il est particuli\u00e8rement effrayant mais car il est le r\u00e9sultat d&rsquo;un m\u00e9lange de plusieurs souches du virus.\u00a0Il est aujourd&rsquo;hui majoritaire puisqu&rsquo;il repr\u00e9senterait un peu plus de 50\u00a0%\u00a0des infections selon Sant\u00e9 publique France. L&rsquo;agence sugg\u00e8re une \u00ab\u00a0capacit\u00e9 d&rsquo;\u00e9chappement du variant XFG\u00a0\u00bb \u00e0 la r\u00e9ponse immunitaire \u00ab\u00a0un peu plus \u00e9lev\u00e9e\u00a0\u00bb en comparaison d&rsquo;autres variants.\u00a0Mais rien n&rsquo;indique une \u00ab\u00a0augmentation de la s\u00e9v\u00e9rit\u00e9 de l&rsquo;infection ou \u00e0 une r\u00e9duction de l&rsquo;efficacit\u00e9 du vaccin actuel contre la maladie grave\u00a0\u00bb.\u00a0<\/p>\n<p>Quelles r\u00e9gions sont les plus touch\u00e9es par le retour de l&rsquo;\u00e9pid\u00e9mie de Covid-19 ? La situation en France<\/p>\n<p>Plusieurs bilans r\u00e9gionaux rapportent aussi une augmentation des indicateurs de surveillance du Covid-19.\u00a0C&rsquo;est notamment le cas en Normandie.\u00a0Mi-septembre, Sant\u00e9 publique France faisait \u00e9tat d&rsquo;un \u00ab\u00a0d\u00e9but de reprise \u00e9pid\u00e9mique\u00a0\u00bb.\u00a0D\u00e9but octobre, <a href=\"https:\/\/www.santepubliquefrance.fr\/regions\/normandie\/documents\/bulletin-regional\/2025\/surveillance-sanitaire-en-normandie.-bulletin-du-1er-octobre-2025\" rel=\"nofollow noopener\" target=\"_blank\">le dernier bilan r\u00e9gional<\/a>\u00a0rapportait que\u00a0\u00ab\u00a0les indicateurs d&rsquo;activit\u00e9 pour Covid-19\u00a0poursuivent leur hausse\u00a0(recours \u00e0 SOS M\u00e9decins et passages aux urgences), avec une dynamique contrast\u00e9e selon l&rsquo;\u00e2ge\u00a0\u00bb.\u00a0Sont observ\u00e9s : une baisse de l&rsquo;activit\u00e9 chez les moins de 15\u00a0ans, une hausse \u00ab\u00a0particuli\u00e8rement en m\u00e9decine de ville\u00a0\u00bb chez les 15-64\u00a0ans, et une \u00ab\u00a0l\u00e9g\u00e8re hausse\u00a0\u00bb chez les plus de 64\u00a0ans.\u00a0<\/p>\n<p>Dans la r\u00e9gion Grand-Est,\u00a0<a href=\"https:\/\/www.santepubliquefrance.fr\/regions\/grand-est\/documents\/bulletin-regional\/2025\/surveillance-sanitaire-en-region-grand-est.-bulletin-du-9-octobre-2025\" rel=\"nofollow noopener\" target=\"_blank\">Sant\u00e9 publique France<\/a> rapportait le 9\u00a0octobre\u00a0que \u00ab\u00a0tous les indicateurs de surveillance sont en augmentation depuis mi-juillet, t\u00e9moignant de l&rsquo;augmentation de la circulation virale du variant XFG.\u00a0Celle-ci est sans impact notable sur le syst\u00e8me de soins\u00a0\u00bb.\u00a0\u00a0<\/p>\n<p>En Bretagne, <a href=\"https:\/\/www.santepubliquefrance.fr\/regions\/bretagne\/documents\/bulletin-regional\/2025\/surveillance-sanitaire-en-bretagne.-bulletin-du-3-octobre-2025\" rel=\"nofollow noopener\" target=\"_blank\">Sant\u00e9 publique France<\/a> rapporte d\u00e9but octobre une \u00ab\u00a0poursuite de la tendance \u00e0 l&rsquo;augmentation similaire \u00e0 celle observ\u00e9e en septembre 2024.\u00a0Les laboratoires\u00a0observent \u00e9galement une hausse des pr\u00e9l\u00e8vements positifs au SARS-CoV-2\u00a0depuis le mois de septembre\u00a0\u00bb.\u00a0<\/p>\n<p>Le pic semble par ailleurs \u00eatre d\u00e9j\u00e0 d\u00e9pass\u00e9 en Bourgogne-Franche-Comt\u00e9, puisque <a href=\"https:\/\/www.santepubliquefrance.fr\/regions\/bourgogne-franche-comte\/documents\/bulletin-regional\/2025\/surveillance-sanitaire-en-bourgogne-franche-comte.-bulletin-du-2-octobre-2025\" rel=\"nofollow noopener\" target=\"_blank\">Sant\u00e9 publique France<\/a> rapportait d\u00e9but octobre une\u00a0 \u00ab\u00a0amorce d&rsquo;une diminution de la prise en charge en ville et \u00e0 l&rsquo;h\u00f4pital. Les taux pour suspicion de Covid-19\u00a0tendent \u00e0 baisser en ville et \u00e0 l&rsquo;h\u00f4pital\u00a0\u00bb.\u00a0<\/p>\n<p>Globalement, si une augmentation des indicateurs li\u00e9s au Covid-19 est observ\u00e9e, ils restent faibles et similaires \u00e0 l&rsquo;an dernier, bien inf\u00e9rieurs au d\u00e9but de la pand\u00e9mie.\u00a0Les personnes fragiles doivent malgr\u00e9 tout \u00eatre vigilantes.\u00a0\u00ab\u00a0Il est encore temps de prot\u00e9ger les personnes les plus fragiles par l&rsquo;application des mesures barri\u00e8res (dont le port du masque en cas de signes) et la mise \u00e0 jour de la vaccination\u00a0\u00bb, a rappel\u00e9 Sant\u00e9 publique France.<\/p>\n<p>Quand a lieu la campagne de vaccination 2025\u00a0contre le Covid-19 ?<\/p>\n<p>Une campagne de vaccination conjointe contre la grippe et le Covid-19\u00a0a d\u00e9but\u00e9 le 14\u00a0octobre en France. Le vaccin est recommand\u00e9 aux personnes fragiles, notamment les plus de 65\u00a0ans, les personnes souffrant de maladies chroniques et les femmes enceintes.\u00a0Les professionnels de sant\u00e9 et l&rsquo;entourage des personnes fragiles sont aussi cibl\u00e9s par la campagne.\u00a0Le vaccin (Cominarty\u00ae, de Pfizer) est pris en charge \u00e0 100\u00a0% pour toutes ces personnes.\u00a0Le directeur g\u00e9n\u00e9ral de la Sant\u00e9 a tenu \u00e0 rassurer la population quant \u00e0 l&rsquo;efficacit\u00e9 du vaccin face au nouveau variant : \u00ab\u00a0pas d&rsquo;affolement, le vaccin disponible est efficace sur cette souche (et) il n&rsquo;y aura pas d&rsquo;\u00e9chappement immunitaire li\u00e9 \u00e0 cette souche en particulier\u00a0\u00bb.\u00a0<\/p>\n<p>Nouveau variant majoritaire : quels sont les sympt\u00f4mes du Covid-19 ?<\/p>\n<p>Les sympt\u00f4mes du Covid-19\u00a0sont toujours les m\u00eames : il s&rsquo;agit g\u00e9n\u00e9ralement de maux de t\u00eate et de gorge, de courbatures ou encore d&rsquo;une fi\u00e8vre.\u00a0En cas de sympt\u00f4mes, il est possible de se faire tester, soit avec un autotest en pharmacie, soit avec un test PCR\u00a0sur ordonnance.\u00a0<\/p>\n","protected":false},"excerpt":{"rendered":"Les indicateurs li\u00e9s au Covid-19\u00a0semblent amorcer une baisse apr\u00e8s un \u00e9t\u00e9 marqu\u00e9 par un rebond de l&rsquo;\u00e9pid\u00e9mie. Sommaire&hellip;\n","protected":false},"author":2,"featured_media":468878,"comment_status":"","ping_status":"","sticky":false,"template":"","format":"standard","meta":{"footnotes":""},"categories":[10],"tags":[56980,51761,4356,56981,51763,1011,27,72,51767,71],"class_list":{"0":"post-468877","1":"post","2":"type-post","3":"status-publish","4":"format-standard","5":"has-post-thumbnail","7":"category-sante","8":"tag-cms-linternaute-2462477","9":"tag-controller-content","10":"tag-coronavirus","11":"tag-coronavirus-en-france","12":"tag-format-papier","13":"tag-fr","14":"tag-france","15":"tag-health","16":"tag-parallaxeinfeed","17":"tag-sante"},"share_on_mastodon":{"url":"https:\/\/pubeurope.com\/@fr\/115387092648514194","error":""},"_links":{"self":[{"href":"https:\/\/www.europesays.com\/fr\/wp-json\/wp\/v2\/posts\/468877","targetHints":{"allow":["GET"]}}],"collection":[{"href":"https:\/\/www.europesays.com\/fr\/wp-json\/wp\/v2\/posts"}],"about":[{"href":"https:\/\/www.europesays.com\/fr\/wp-json\/wp\/v2\/types\/post"}],"author":[{"embeddable":true,"href":"https:\/\/www.europesays.com\/fr\/wp-json\/wp\/v2\/users\/2"}],"replies":[{"embeddable":true,"href":"https:\/\/www.europesays.com\/fr\/wp-json\/wp\/v2\/comments?post=468877"}],"version-history":[{"count":0,"href":"https:\/\/www.europesays.com\/fr\/wp-json\/wp\/v2\/posts\/468877\/revisions"}],"wp:featuredmedia":[{"embeddable":true,"href":"https:\/\/www.europesays.com\/fr\/wp-json\/wp\/v2\/media\/468878"}],"wp:attachment":[{"href":"https:\/\/www.europesays.com\/fr\/wp-json\/wp\/v2\/media?parent=468877"}],"wp:term":[{"taxonomy":"category","embeddable":true,"href":"https:\/\/www.europesays.com\/fr\/wp-json\/wp\/v2\/categories?post=468877"},{"taxonomy":"post_tag","embeddable":true,"href":"https:\/\/www.europesays.com\/fr\/wp-json\/wp\/v2\/tags?post=468877"}],"curies":[{"name":"wp","href":"https:\/\/api.w.org\/{rel}","templated":true}]}}