{"id":468886,"date":"2025-10-17T02:18:11","date_gmt":"2025-10-17T02:18:11","guid":{"rendered":"https:\/\/www.europesays.com\/fr\/468886\/"},"modified":"2025-10-17T02:18:11","modified_gmt":"2025-10-17T02:18:11","slug":"ce-sera-magnifique-promet-trump-en-presentant-son-projet-darc-de-lindependance","status":"publish","type":"post","link":"https:\/\/www.europesays.com\/fr\/468886\/","title":{"rendered":"\u00ab\u00a0Ce sera magnifique\u00a0\u00bb, promet Trump en pr\u00e9sentant son projet d\u2019arc de l\u2019Ind\u00e9pendance"},"content":{"rendered":"<p>A Washington, <a href=\"https:\/\/www.20minutes.fr\/dossier\/donald_trump\" target=\"_blank\" class=\"c-link c-link--is-underlined\" rel=\"noopener\">Donald Trump<\/a> a d\u00e9voil\u00e9 un projet architectural spectaculaire\u00a0: un arc monumental inspir\u00e9 de l\u2019Arc de Triomphe, qui serait install\u00e9 de l\u2019autre c\u00f4t\u00e9 du fleuve Potomac, face au Lincoln Memorial. L\u2019ouvrage, baptis\u00e9 \u00ab\u00a0Independence Arch\u00a0\u00bb, doit symboliser le 250e anniversaire des <a href=\"https:\/\/www.20minutes.fr\/monde\/etats-unis\/\" target=\"_blank\" class=\"c-link c-link--is-underlined\" rel=\"noopener\">Etats-Unis<\/a>, selon <a href=\"https:\/\/www.forbes.com\/sites\/saradorn\/2025\/10\/16\/trump-confirms-plans-for-massive-independence-arch-near-lincoln-memorial\/\" rel=\"nofollow noopener\" target=\"_blank\" class=\"c-link c-link--is-underlined\">Forbes<\/a> et plusieurs m\u00e9dias am\u00e9ricains.<\/p>\n<p>Donald Trump a pr\u00e9sent\u00e9 les maquettes de ce <a href=\"https:\/\/www.20minutes.fr\/dossier\/monument\" target=\"_blank\" class=\"c-link c-link--is-underlined\" rel=\"noopener\">monument<\/a> lors d\u2019un d\u00eener organis\u00e9 \u00e0 la Maison-Blanche en pr\u00e9sence de dizaines de dirigeants d\u2019entreprises, de m\u00e9c\u00e8nes et de soutiens politiques. L\u2019\u00e9v\u00e9nement, d\u00e9crit par la <a href=\"https:\/\/www.20minutes.fr\/dossier\/maison_blanche\" target=\"_blank\" class=\"c-link c-link--is-underlined\" rel=\"noopener\">Maison-Blanche<\/a> comme un d\u00eener de remerciement, faisait \u00e9galement partie d\u2019une vaste op\u00e9ration de financement pour un autre chantier pr\u00e9sidentiel\u00a0: la construction d\u2019une salle de bal de plus de 8.000 m2 dans l\u2019aile Est pouvant accueillir 900 personnes, dont le co\u00fbt est estim\u00e9 \u00e0 200\u00a0millions de dollars.<\/p>\n<p>Un monument \u00ab\u00a0pour lui-m\u00eame\u00a0\u00bb<\/p>\n<p>Selon <a href=\"https:\/\/www.cbsnews.com\/news\/trump-white-house-ballroom-tech-business-dinner\/\" rel=\"nofollow noopener\" target=\"_blank\" class=\"c-link c-link--is-underlined\">CBS News<\/a>, le pr\u00e9sident a affirm\u00e9 que la construction de cette immense salle, dont les travaux ont commenc\u00e9 le mois dernier, \u00e9tait \u00ab\u00a0enti\u00e8rement financ\u00e9e par des dons priv\u00e9s\u00a0\u00bb. Plusieurs grands groupes technologiques et industriels y participent, notamment <a href=\"https:\/\/www.20minutes.fr\/high-tech\/google\/\" target=\"_blank\" class=\"c-link c-link--is-underlined\" rel=\"noopener\">Google<\/a>, <a href=\"https:\/\/www.20minutes.fr\/high-tech\/meta\/\" target=\"_blank\" class=\"c-link c-link--is-underlined\" rel=\"noopener\">Meta<\/a>, <a href=\"https:\/\/www.20minutes.fr\/high-tech\/amazon\/\" target=\"_blank\" class=\"c-link c-link--is-underlined\" rel=\"noopener\">Amazon<\/a>, <a href=\"https:\/\/www.20minutes.fr\/high-tech\/microsoft\/\" target=\"_blank\" class=\"c-link c-link--is-underlined\" rel=\"noopener\">Microsoft<\/a>, Lockheed Martin, Palantir et T-Mobile. Forbes rapporte \u00e9galement la pr\u00e9sence de figures du secteur crypto, comme les fr\u00e8res Winklevoss (Gemini), ainsi que de personnalit\u00e9s m\u00e9diatiques comme Greta Van Susteren (Newsmax) et Reince Priebus, ancien chef de cabinet de Donald Trump et pr\u00e9sident du <a href=\"https:\/\/www.20minutes.fr\/monde\/republicains\/\" target=\"_blank\" class=\"c-link c-link--is-underlined\" rel=\"noopener\">Comit\u00e9 national r\u00e9publicain<\/a>.<\/p>\n<\/p>\n<p>Lors de cette soir\u00e9e, Donald Trump a d\u00e9voil\u00e9 plusieurs mod\u00e8les r\u00e9duits de l\u2019arche et affirm\u00e9 pr\u00e9f\u00e9rer la version la plus imposante. D\u2019apr\u00e8s <a href=\"https:\/\/www.20minutes.fr\/dossier\/cnn\" target=\"_blank\" class=\"c-link c-link--is-underlined\" rel=\"noopener\">CNN<\/a>, il a expliqu\u00e9 que le site envisag\u00e9, une vaste zone \u00e0 Arlington, semblait \u00ab\u00a0appeler\u00a0\u00bb \u00e0 accueillir un tel monument. Interrog\u00e9 par <a href=\"https:\/\/www.20minutes.fr\/dossier\/cbs\" target=\"_blank\" class=\"c-link c-link--is-underlined\" rel=\"noopener\">CBS<\/a> sur la d\u00e9dicace de l\u2019arche, il a r\u00e9pondu sans d\u00e9tour que ce projet \u00e9tait \u00ab\u00a0pour lui\u00a0\u00bb, assurant que l\u2019ouvrage serait \u00ab\u00a0magnifique\u00a0\u00bb.<\/p>\n<p>Entre prestige et controverse<\/p>\n<p>Un rendu du monument, sign\u00e9 par le cabinet d\u2019architecture Harrison Design, montre une arche en pierre surmont\u00e9e d\u2019un ange dor\u00e9 ail\u00e9 et flanqu\u00e9e de deux aigles. Une maquette tridimensionnelle du projet a \u00e9galement \u00e9t\u00e9 aper\u00e7ue r\u00e9cemment sur le bureau pr\u00e9sidentiel dans le Bureau ovale. Pour le pr\u00e9sident des Etats-Unis, cette s\u00e9rie de projets \u2013 la salle de bal, les drapeaux g\u00e9ants, la transformation du Rose Garden en terrasse et m\u00eame un \u00ab\u00a0Walk of Fame pr\u00e9sidentiel\u00a0\u00bb dans les jardins \u2013 vise \u00e0 redonner \u00e0 la Maison-Blanche un prestige \u00ab\u00a0\u00e0 la hauteur de la puissance am\u00e9ricaine\u00a0\u00bb.<\/p>\n<p><a href=\"https:\/\/www.20minutes.fr\/monde\/etats-unis\/\" target=\"_blank\" class=\"c-link c-btn c-btn--primary\" rel=\"noopener\">Notre dossier sur les Etats-Unis<\/a><\/p>\n<p>Mais cette offensive architecturale soul\u00e8ve d\u00e9j\u00e0 des critiques. Certains d\u00e9mocrates, cit\u00e9s par CBS, d\u00e9noncent un m\u00e9lange des genres entre prestige national et ambitions personnelles, tandis que des voix s\u2019interrogent sur les motivations r\u00e9elles des entreprises donatrices. Malgr\u00e9 les zones d\u2019ombre sur le financement, la taille et le co\u00fbt exact de cet \u00ab\u00a0Independence Arch\u00a0\u00bb, le projet s\u2019inscrit dans une strat\u00e9gie d\u2019image soigneusement orchestr\u00e9e. En effet, pour Donald Trump, il s\u2019agit de laisser, au c\u0153ur de Washington, une empreinte monumentale \u00e0 la gloire de son deuxi\u00e8me mandat.<\/p>\n","protected":false},"excerpt":{"rendered":"A Washington, Donald Trump a d\u00e9voil\u00e9 un projet architectural spectaculaire\u00a0: un arc monumental inspir\u00e9 de l\u2019Arc de Triomphe,&hellip;\n","protected":false},"author":2,"featured_media":468887,"comment_status":"","ping_status":"","sticky":false,"template":"","format":"standard","meta":{"footnotes":""},"categories":[5],"tags":[47,11,4476,75,73,1011,27,14,78,74,18389,12,2744,28],"class_list":{"0":"post-468886","1":"post","2":"type-post","3":"status-publish","4":"format-standard","5":"has-post-thumbnail","7":"category-international","8":"tag-actualite","9":"tag-actualites","10":"tag-construction","11":"tag-donald-trump","12":"tag-etats-unis","13":"tag-fr","14":"tag-france","15":"tag-international","16":"tag-maison-blanche","17":"tag-monde","18":"tag-monument","19":"tag-news","20":"tag-washington","21":"tag-world"},"share_on_mastodon":{"url":"https:\/\/pubeurope.com\/@fr\/115387112343471641","error":""},"_links":{"self":[{"href":"https:\/\/www.europesays.com\/fr\/wp-json\/wp\/v2\/posts\/468886","targetHints":{"allow":["GET"]}}],"collection":[{"href":"https:\/\/www.europesays.com\/fr\/wp-json\/wp\/v2\/posts"}],"about":[{"href":"https:\/\/www.europesays.com\/fr\/wp-json\/wp\/v2\/types\/post"}],"author":[{"embeddable":true,"href":"https:\/\/www.europesays.com\/fr\/wp-json\/wp\/v2\/users\/2"}],"replies":[{"embeddable":true,"href":"https:\/\/www.europesays.com\/fr\/wp-json\/wp\/v2\/comments?post=468886"}],"version-history":[{"count":0,"href":"https:\/\/www.europesays.com\/fr\/wp-json\/wp\/v2\/posts\/468886\/revisions"}],"wp:featuredmedia":[{"embeddable":true,"href":"https:\/\/www.europesays.com\/fr\/wp-json\/wp\/v2\/media\/468887"}],"wp:attachment":[{"href":"https:\/\/www.europesays.com\/fr\/wp-json\/wp\/v2\/media?parent=468886"}],"wp:term":[{"taxonomy":"category","embeddable":true,"href":"https:\/\/www.europesays.com\/fr\/wp-json\/wp\/v2\/categories?post=468886"},{"taxonomy":"post_tag","embeddable":true,"href":"https:\/\/www.europesays.com\/fr\/wp-json\/wp\/v2\/tags?post=468886"}],"curies":[{"name":"wp","href":"https:\/\/api.w.org\/{rel}","templated":true}]}}