{"id":468888,"date":"2025-10-17T02:19:11","date_gmt":"2025-10-17T02:19:11","guid":{"rendered":"https:\/\/www.europesays.com\/fr\/468888\/"},"modified":"2025-10-17T02:19:11","modified_gmt":"2025-10-17T02:19:11","slug":"la-seule-decision-digne-edouard-philippe-reclame-a-nouveau-le-depart-anticipe-de-macron","status":"publish","type":"post","link":"https:\/\/www.europesays.com\/fr\/468888\/","title":{"rendered":"\u00ab\u00a0La seule d\u00e9cision digne\u00a0\u00bb\u2026 Edouard Philippe r\u00e9clame \u00e0 nouveau le d\u00e9part anticip\u00e9 de Macron"},"content":{"rendered":"<p><a href=\"https:\/\/www.20minutes.fr\/politique\/edouard-philippe\/\" target=\"_blank\" class=\"c-link c-link--is-underlined\" rel=\"nofollow noopener\">Edouard Philippe<\/a> pousse <a href=\"https:\/\/www.20minutes.fr\/politique\/emmanuel-macron\/\" target=\"_blank\" class=\"c-link c-link--is-underlined\" rel=\"nofollow noopener\">Emmanuel Macron<\/a> vers la sortie. Invit\u00e9 jeudi soir sur <a href=\"https:\/\/www.20minutes.fr\/television\/france_2\/\" target=\"_blank\" class=\"c-link c-link--is-underlined\" rel=\"nofollow noopener\">France 2<\/a>, l\u2019ancien Premier ministre a estim\u00e9 que le chef de l\u2019Etat devait quitter l\u2019Elys\u00e9e apr\u00e8s l\u2019adoption du budget, jugeant qu\u2019un d\u00e9part anticip\u00e9 constituerait \u00ab\u00a0la seule d\u00e9cision digne\u00a0\u00bb pour \u00e9viter une longue crise politique. \u00ab\u00a0Je ne suis pas du tout pour qu\u2019il d\u00e9missionne demain matin, ce serait d\u00e9sastreux\u00a0\u00bb. Mais Emmanuel Macron \u00ab\u00a0devrait peut-\u00eatre, en prenant exemple sur des pr\u00e9d\u00e9cesseurs et notamment le g\u00e9n\u00e9ral De Gaulle\u00a0\u00bb.<\/p>\n<p>Selon lui, maintenir le cap jusqu\u2019en\u00a02027 m\u00e8nerait la France vers une p\u00e9riode d\u2019instabilit\u00e9 durable\u00a0: \u00ab\u00a0C\u2019est la seule d\u00e9cision digne qui permet d\u2019\u00e9viter 18 mois d\u2019ind\u00e9termination et de crise, qui se terminera mal, je le crains, au pays.\u00a0\u00bb<\/p>\n<\/p>\n<p>Une position plus tenable pour Macron<\/p>\n<p>Edouard Philippe affirme ne pas avoir formul\u00e9 cette position pour s\u00e9duire l\u2019opinion publique\u00a0: \u00ab\u00a0Je n\u2019ai pas pris cette position parce que je pensais que je serais populaire ou parce que j\u2019esp\u00e9rais convaincre le pr\u00e9sident.\u00a0\u00bb Il a \u00e9galement ajout\u00e9\u00a0: \u00ab\u00a0\u00c7a n\u2019est pas simplement une crise politique \u00e0 l\u2019<a href=\"https:\/\/www.20minutes.fr\/dossier\/assemblee_nationale\" target=\"_blank\" class=\"c-link c-link--is-underlined\" rel=\"nofollow noopener\">Assembl\u00e9e nationale<\/a> \u00e0 laquelle nous assistons. C\u2019est une crise tr\u00e8s profonde sur l\u2019autorit\u00e9 de l\u2019<a href=\"https:\/\/www.20minutes.fr\/dossier\/etat\" target=\"_blank\" class=\"c-link c-link--is-underlined\" rel=\"nofollow noopener\">Etat<\/a>, sur la l\u00e9gitimit\u00e9 des institutions\u00a0\u00bb. Il a d\u00e9plor\u00e9 \u00ab\u00a0une assembl\u00e9e ingouvernable\u00a0\u00bb, \u00ab\u00a0des politiques publiques qui n\u2019avancent plus, des r\u00e9formes n\u00e9cessaires qui ne sont pas faites\u00a0\u00bb.<\/p>\n<p><a href=\"https:\/\/www.20minutes.fr\/politique\/\" target=\"_blank\" class=\"c-link c-btn c-btn--primary\" rel=\"nofollow noopener\">Notre dossier Politique<\/a><\/p>\n<p>Tout en reconnaissant qu\u2019Emmanuel Macron \u00ab\u00a0a envie d\u2019aller au terme de son mandat\u00a0\u00bb, l\u2019ancien <a href=\"https:\/\/www.20minutes.fr\/dossier\/premier_ministre\" target=\"_blank\" class=\"c-link c-link--is-underlined\" rel=\"nofollow noopener\">Premier ministre<\/a> assure comprendre cette volont\u00e9, mais consid\u00e8re qu\u2019elle n\u2019est plus tenable dans le contexte actuel. \u00ab\u00a0J\u2019entends le pr\u00e9sident de la R\u00e9publique dire qu\u2019il est le garant de la stabilit\u00e9. Mais, objectivement, qui a cr\u00e9\u00e9 cette situation de tr\u00e8s grande instabilit\u00e9 et pourquoi\u00a0? Il se trouve que c\u2019est lui\u00a0\u00bb, a-t-il regrett\u00e9.<\/p>\n","protected":false},"excerpt":{"rendered":"Edouard Philippe pousse Emmanuel Macron vers la sortie. Invit\u00e9 jeudi soir sur France 2, l\u2019ancien Premier ministre a&hellip;\n","protected":false},"author":2,"featured_media":468889,"comment_status":"","ping_status":"","sticky":false,"template":"","format":"standard","meta":{"footnotes":""},"categories":[4],"tags":[47,11,13189,3080,4527,1073,1011,27,418,12,316,3363,4919,25],"class_list":{"0":"post-468888","1":"post","2":"type-post","3":"status-publish","4":"format-standard","5":"has-post-thumbnail","7":"category-france","8":"tag-actualite","9":"tag-actualites","10":"tag-demission","11":"tag-edouard-philippe","12":"tag-elysee","13":"tag-emmanuel-macron","14":"tag-fr","15":"tag-france","16":"tag-gouvernement","17":"tag-news","18":"tag-politique","19":"tag-premier-ministre","20":"tag-president","21":"tag-republique-francaise"},"share_on_mastodon":{"url":"https:\/\/pubeurope.com\/@fr\/115387116132966995","error":""},"_links":{"self":[{"href":"https:\/\/www.europesays.com\/fr\/wp-json\/wp\/v2\/posts\/468888","targetHints":{"allow":["GET"]}}],"collection":[{"href":"https:\/\/www.europesays.com\/fr\/wp-json\/wp\/v2\/posts"}],"about":[{"href":"https:\/\/www.europesays.com\/fr\/wp-json\/wp\/v2\/types\/post"}],"author":[{"embeddable":true,"href":"https:\/\/www.europesays.com\/fr\/wp-json\/wp\/v2\/users\/2"}],"replies":[{"embeddable":true,"href":"https:\/\/www.europesays.com\/fr\/wp-json\/wp\/v2\/comments?post=468888"}],"version-history":[{"count":0,"href":"https:\/\/www.europesays.com\/fr\/wp-json\/wp\/v2\/posts\/468888\/revisions"}],"wp:featuredmedia":[{"embeddable":true,"href":"https:\/\/www.europesays.com\/fr\/wp-json\/wp\/v2\/media\/468889"}],"wp:attachment":[{"href":"https:\/\/www.europesays.com\/fr\/wp-json\/wp\/v2\/media?parent=468888"}],"wp:term":[{"taxonomy":"category","embeddable":true,"href":"https:\/\/www.europesays.com\/fr\/wp-json\/wp\/v2\/categories?post=468888"},{"taxonomy":"post_tag","embeddable":true,"href":"https:\/\/www.europesays.com\/fr\/wp-json\/wp\/v2\/tags?post=468888"}],"curies":[{"name":"wp","href":"https:\/\/api.w.org\/{rel}","templated":true}]}}